{"id":102463,"date":"2024-08-15T19:18:18","date_gmt":"2024-08-15T19:18:18","guid":{"rendered":"https:\/\/ativeagencia.com.br\/radiomais\/?p=102463"},"modified":"2024-08-22T18:05:07","modified_gmt":"2024-08-22T18:05:07","slug":"pf-desarticula-esquema-que-desviou-dinheiro-financiado-para-energia-solar","status":"publish","type":"post","link":"https:\/\/ativeagencia.com.br\/radiomais\/2024\/08\/15\/pf-desarticula-esquema-que-desviou-dinheiro-financiado-para-energia-solar\/","title":{"rendered":"PF desarticula esquema que desviou dinheiro financiado para energia solar"},"content":{"rendered":"<p>A Pol\u00edcia Federal realiza na manh\u00e3 desta quinta-feira em Santa Rosa, Tr\u00eas de Maio e outras seis cidades ga\u00fachas, a Opera\u00e7\u00e3o F\u00f3ton, que visa desarticular um esquema de desvio de recursos p\u00fablicos que deveriam ser destinados para a aplica\u00e7\u00e3o em obras e instala\u00e7\u00f5es de energia fotovoltaica. Eles cumprem 20 mandados de busca e apreens\u00e3o, dos quais, um em Santa Rosa e outro em Tr\u00eas de Maio.<br \/>\nOs policiais est\u00e3o executando tamb\u00e9m sequestro de bens no valor de R$ 29,9 milh\u00f5es, com a finalidade do ressarcimento dos recursos \u00e0 Uni\u00e3o.<br \/>\nO dinheiro foi desviado do Fundo Clima, financiado pelo BNDES e Badesul. As investiga\u00e7\u00f5es tiveram in\u00edcio em 2023.<br \/>\nSegundo a Pol\u00edcia Federal, os suspeitos recebiam os valores contratados para os projetos de energia solar mas aplicavam em outras finalidades.<br \/>\nOs contratos em quest\u00e3o foram firmados com taxas de juros significativamente inferiores \u00e0s praticadas em linhas de cr\u00e9dito ordin\u00e1rias, em m\u00e9dia 4,4%, ao ano, o que agrava a conduta il\u00edcita ao gerar um preju\u00edzo maior ao er\u00e1rio e beneficiar indevidamente os investigados.<br \/>\nA apura\u00e7\u00e3o, at\u00e9 o momento, indica o desvio de aproximadamente R$ 23 milh\u00f5es, por\u00e9m, estima-se que possa chegar a cifras superiores a R$ 60 milh\u00f5es.<\/p>\n","protected":false},"excerpt":{"rendered":"<p>A Pol\u00edcia Federal realiza na manh\u00e3 desta quinta-feira em Santa Rosa, Tr\u00eas de Maio e outras seis cidades ga\u00fachas, a Opera\u00e7\u00e3o F\u00f3ton, que visa desarticular um esquema de desvio de recursos p\u00fablicos que deveriam ser destinados para a aplica\u00e7\u00e3o em obras e instala\u00e7\u00f5es de energia fotovoltaica. Eles cumprem 20 mandados de busca e apreens\u00e3o, dos [&hellip;]<\/p>\n","protected":false},"author":2,"featured_media":102466,"comment_status":"open","ping_status":"open","sticky":false,"template":"","format":"standard","meta":{"footnotes":""},"categories":[43],"tags":[],"class_list":["post-102463","post","type-post","status-publish","format-standard","has-post-thumbnail","hentry","category-policia"],"_links":{"self":[{"href":"https:\/\/ativeagencia.com.br\/radiomais\/wp-json\/wp\/v2\/posts\/102463","targetHints":{"allow":["GET"]}}],"collection":[{"href":"https:\/\/ativeagencia.com.br\/radiomais\/wp-json\/wp\/v2\/posts"}],"about":[{"href":"https:\/\/ativeagencia.com.br\/radiomais\/wp-json\/wp\/v2\/types\/post"}],"author":[{"embeddable":true,"href":"https:\/\/ativeagencia.com.br\/radiomais\/wp-json\/wp\/v2\/users\/2"}],"replies":[{"embeddable":true,"href":"https:\/\/ativeagencia.com.br\/radiomais\/wp-json\/wp\/v2\/comments?post=102463"}],"version-history":[{"count":4,"href":"https:\/\/ativeagencia.com.br\/radiomais\/wp-json\/wp\/v2\/posts\/102463\/revisions"}],"predecessor-version":[{"id":102472,"href":"https:\/\/ativeagencia.com.br\/radiomais\/wp-json\/wp\/v2\/posts\/102463\/revisions\/102472"}],"wp:featuredmedia":[{"embeddable":true,"href":"https:\/\/ativeagencia.com.br\/radiomais\/wp-json\/wp\/v2\/media\/102466"}],"wp:attachment":[{"href":"https:\/\/ativeagencia.com.br\/radiomais\/wp-json\/wp\/v2\/media?parent=102463"}],"wp:term":[{"taxonomy":"category","embeddable":true,"href":"https:\/\/ativeagencia.com.br\/radiomais\/wp-json\/wp\/v2\/categories?post=102463"},{"taxonomy":"post_tag","embeddable":true,"href":"https:\/\/ativeagencia.com.br\/radiomais\/wp-json\/wp\/v2\/tags?post=102463"}],"curies":[{"name":"wp","href":"https:\/\/api.w.org\/{rel}","templated":true}]}}