{"id":103573,"date":"2024-08-15T20:03:39","date_gmt":"2024-08-15T20:03:39","guid":{"rendered":"https:\/\/ativeagencia.com.br\/radiomais\/?p=103573"},"modified":"2024-08-15T23:37:39","modified_gmt":"2024-08-15T23:37:39","slug":"senado-aprova-pec-da-anistia-de-r-23-bilhoes-a-partidos-politicos","status":"publish","type":"post","link":"https:\/\/ativeagencia.com.br\/radiomais\/2024\/08\/15\/senado-aprova-pec-da-anistia-de-r-23-bilhoes-a-partidos-politicos\/","title":{"rendered":"Senado aprova PEC da Anistia de R$ 23 bilh\u00f5es a partidos pol\u00edticos"},"content":{"rendered":"<p>O Senado Federal aprovou nesta quinta-feira (15) a proposta de emenda \u00e0 Constitui\u00e7\u00e3o (PEC) da Anistia, em uma vota\u00e7\u00e3o acelerada, que durou menos de 24 horas para resolver a tramita\u00e7\u00e3o na Casa.<\/p>\n<p>A PEC, que teve o aval da Comiss\u00e3o de Constitui\u00e7\u00e3o e Justi\u00e7a (CCJ) no dia anterior, \u00e9 promulgada ap\u00f3s sess\u00e3o solene do Congresso Nacional e n\u00e3o precisa de san\u00e7\u00e3o ou veto presidencial.<br \/>\nMovimentos da sociedade civil ligados \u00e0 transpar\u00eancia partid\u00e1ria e ao Direito Eleitoral dizem que a PEC, entre outras coisas, representa um est\u00edmulo \u00e0 inadimpl\u00eancia e viabiliza partidos pagarem d\u00edvidas usando recursos de \u201corigem n\u00e3o identificada\u201d, o que pode ser recurso de \u201ccaixa 2\u2033.<br \/>\nTrata-se do quarto perd\u00e3o concedido aos partidos via Congresso Nacional. A organiza\u00e7\u00e3o Transpar\u00eancia Partid\u00e1ria estima que a anistia chega a cerca de R$ 23 bilh\u00f5es, se contadas apenas a contas pendentes de julgamento entre 2018 e 2023.<\/p>\n","protected":false},"excerpt":{"rendered":"<p>O Senado Federal aprovou nesta quinta-feira (15) a proposta de emenda \u00e0 Constitui\u00e7\u00e3o (PEC) da Anistia, em uma vota\u00e7\u00e3o acelerada, que durou menos de 24 horas para resolver a tramita\u00e7\u00e3o na Casa. A PEC, que teve o aval da Comiss\u00e3o de Constitui\u00e7\u00e3o e Justi\u00e7a (CCJ) no dia anterior, \u00e9 promulgada ap\u00f3s sess\u00e3o solene do Congresso [&hellip;]<\/p>\n","protected":false},"author":2,"featured_media":103574,"comment_status":"open","ping_status":"open","sticky":false,"template":"","format":"standard","meta":{"footnotes":""},"categories":[17],"tags":[],"class_list":["post-103573","post","type-post","status-publish","format-standard","has-post-thumbnail","hentry","category-politica"],"_links":{"self":[{"href":"https:\/\/ativeagencia.com.br\/radiomais\/wp-json\/wp\/v2\/posts\/103573","targetHints":{"allow":["GET"]}}],"collection":[{"href":"https:\/\/ativeagencia.com.br\/radiomais\/wp-json\/wp\/v2\/posts"}],"about":[{"href":"https:\/\/ativeagencia.com.br\/radiomais\/wp-json\/wp\/v2\/types\/post"}],"author":[{"embeddable":true,"href":"https:\/\/ativeagencia.com.br\/radiomais\/wp-json\/wp\/v2\/users\/2"}],"replies":[{"embeddable":true,"href":"https:\/\/ativeagencia.com.br\/radiomais\/wp-json\/wp\/v2\/comments?post=103573"}],"version-history":[{"count":1,"href":"https:\/\/ativeagencia.com.br\/radiomais\/wp-json\/wp\/v2\/posts\/103573\/revisions"}],"predecessor-version":[{"id":103575,"href":"https:\/\/ativeagencia.com.br\/radiomais\/wp-json\/wp\/v2\/posts\/103573\/revisions\/103575"}],"wp:featuredmedia":[{"embeddable":true,"href":"https:\/\/ativeagencia.com.br\/radiomais\/wp-json\/wp\/v2\/media\/103574"}],"wp:attachment":[{"href":"https:\/\/ativeagencia.com.br\/radiomais\/wp-json\/wp\/v2\/media?parent=103573"}],"wp:term":[{"taxonomy":"category","embeddable":true,"href":"https:\/\/ativeagencia.com.br\/radiomais\/wp-json\/wp\/v2\/categories?post=103573"},{"taxonomy":"post_tag","embeddable":true,"href":"https:\/\/ativeagencia.com.br\/radiomais\/wp-json\/wp\/v2\/tags?post=103573"}],"curies":[{"name":"wp","href":"https:\/\/api.w.org\/{rel}","templated":true}]}}