{"id":103577,"date":"2024-08-15T20:05:52","date_gmt":"2024-08-15T20:05:52","guid":{"rendered":"https:\/\/ativeagencia.com.br\/radiomais\/?p=103577"},"modified":"2024-08-15T23:35:30","modified_gmt":"2024-08-15T23:35:30","slug":"aviao-cai-e-cinco-morrem-no-mato-grosso","status":"publish","type":"post","link":"https:\/\/ativeagencia.com.br\/radiomais\/2024\/08\/15\/aviao-cai-e-cinco-morrem-no-mato-grosso\/","title":{"rendered":"Avi\u00e3o cai e cinco morrem no Mato Grosso"},"content":{"rendered":"<p>Um avi\u00e3o bimotor King Air caiu na zona rural de Apiac\u00e1s, a 1.005 km de Cuiab\u00e1, na manh\u00e3 desta quinta-feira (15). As v\u00edtimas s\u00e3o o empres\u00e1rio Arni Alberto Spiering, 70 anos, dois netos dele, um funcion\u00e1rio e o piloto, que foi identificado como Helder de Souza, de 44 anos.<br \/>\nA Pol\u00edcia Militar confirmou que a queda do avi\u00e3o ocorreu em uma fazenda, localizada na zona rural do munic\u00edpio e pr\u00f3ximo ao Rio Teles Pires, em uma regi\u00e3o conhecida como \u2018Pared\u00e3o\u2019. No local, n\u00e3o foi encontrado nenhum sobrevivente, segundo a PM.<br \/>\nArni estava hospedado na Pousada Amaz\u00f4nia Fishing Lodge, que fica na divisa de Mato Grosso com o Par\u00e1, h\u00e1 dois dias. Nesta quinta-feira, o empres\u00e1rio saiu do local para voltar para casa logo no in\u00edcio da manh\u00e3, quando ocorreu o acidente.<br \/>\nSegundo a Pol\u00edcia, a aeronave explodiu no momento da queda.<br \/>\nDe acordo com o Registro Aeron\u00e1utico Brasileiro (RAB), a aeronave tinha capacidade para sete pessoas, entre tripulantes e passageiros, e a situa\u00e7\u00e3o era regular.<br \/>\nO avi\u00e3o estava registrado no nome do empres\u00e1rio, que era dono de uma empresa de sementes no estado e ex-presidente do Uni\u00e3o Rondon\u00f3polis (MT).<\/p>\n","protected":false},"excerpt":{"rendered":"<p>Um avi\u00e3o bimotor King Air caiu na zona rural de Apiac\u00e1s, a 1.005 km de Cuiab\u00e1, na manh\u00e3 desta quinta-feira (15). As v\u00edtimas s\u00e3o o empres\u00e1rio Arni Alberto Spiering, 70 anos, dois netos dele, um funcion\u00e1rio e o piloto, que foi identificado como Helder de Souza, de 44 anos. A Pol\u00edcia Militar confirmou que a [&hellip;]<\/p>\n","protected":false},"author":2,"featured_media":103578,"comment_status":"open","ping_status":"open","sticky":false,"template":"","format":"standard","meta":{"footnotes":""},"categories":[13],"tags":[],"class_list":["post-103577","post","type-post","status-publish","format-standard","has-post-thumbnail","hentry","category-geral"],"_links":{"self":[{"href":"https:\/\/ativeagencia.com.br\/radiomais\/wp-json\/wp\/v2\/posts\/103577","targetHints":{"allow":["GET"]}}],"collection":[{"href":"https:\/\/ativeagencia.com.br\/radiomais\/wp-json\/wp\/v2\/posts"}],"about":[{"href":"https:\/\/ativeagencia.com.br\/radiomais\/wp-json\/wp\/v2\/types\/post"}],"author":[{"embeddable":true,"href":"https:\/\/ativeagencia.com.br\/radiomais\/wp-json\/wp\/v2\/users\/2"}],"replies":[{"embeddable":true,"href":"https:\/\/ativeagencia.com.br\/radiomais\/wp-json\/wp\/v2\/comments?post=103577"}],"version-history":[{"count":1,"href":"https:\/\/ativeagencia.com.br\/radiomais\/wp-json\/wp\/v2\/posts\/103577\/revisions"}],"predecessor-version":[{"id":103579,"href":"https:\/\/ativeagencia.com.br\/radiomais\/wp-json\/wp\/v2\/posts\/103577\/revisions\/103579"}],"wp:featuredmedia":[{"embeddable":true,"href":"https:\/\/ativeagencia.com.br\/radiomais\/wp-json\/wp\/v2\/media\/103578"}],"wp:attachment":[{"href":"https:\/\/ativeagencia.com.br\/radiomais\/wp-json\/wp\/v2\/media?parent=103577"}],"wp:term":[{"taxonomy":"category","embeddable":true,"href":"https:\/\/ativeagencia.com.br\/radiomais\/wp-json\/wp\/v2\/categories?post=103577"},{"taxonomy":"post_tag","embeddable":true,"href":"https:\/\/ativeagencia.com.br\/radiomais\/wp-json\/wp\/v2\/tags?post=103577"}],"curies":[{"name":"wp","href":"https:\/\/api.w.org\/{rel}","templated":true}]}}