{"id":103580,"date":"2024-08-15T20:08:26","date_gmt":"2024-08-15T20:08:26","guid":{"rendered":"https:\/\/ativeagencia.com.br\/radiomais\/?p=103580"},"modified":"2024-08-15T23:36:02","modified_gmt":"2024-08-15T23:36:02","slug":"rs-fica-abaixo-da-meta-em-todas-as-etapas-de-ensino-aponta-ideb","status":"publish","type":"post","link":"https:\/\/ativeagencia.com.br\/radiomais\/2024\/08\/15\/rs-fica-abaixo-da-meta-em-todas-as-etapas-de-ensino-aponta-ideb\/","title":{"rendered":"RS fica abaixo da meta em todas as etapas de ensino, aponta Ideb"},"content":{"rendered":"<p>O Minist\u00e9rio da Educa\u00e7\u00e3o (MEC) e o Instituto Nacional de Estudos e Pesquisas Educacionais An\u00edsio Teixeira (Inep) divulgaram nesta quarta-feira (14), o \u00cdndice de Desenvolvimento da Educa\u00e7\u00e3o B\u00e1sica (ldeb) 2023. De acordo com o indicador, o Rio Grande do Sul alcan\u00e7ou 6 pontos nos anos iniciais do ensino fundamental (1\u00ba ao 5\u00ba), resultado que ficou 0,4 pontos abaixo da meta estabelecida para o estado no primeiro ciclo do Ideb (2007-2021).<br \/>\nNos anos finais (6\u00ba ao 9\u00ba) do ensino fundamental, o Rio Grande do Sul alcan\u00e7ou 4,9 pontos e o ensino m\u00e9dio registrou 4,2 pontos, ficando abaixo da meta do Ideb projetada para o estado em todas as etapas de ensino.<br \/>\nO Ideb \u00e9 uma medida composta por resultados referentes \u00e0 aprova\u00e7\u00e3o dos estudantes (fluxo escolar) e \u00e0s m\u00e9dias de desempenho nas avalia\u00e7\u00f5es. \u00c9 calculado a partir dos dados do Censo Escolar e do Sistema de Avalia\u00e7\u00e3o da Educa\u00e7\u00e3o B\u00e1sica (Saeb). Varia de 0 a 10, de modo que quanto melhor o desempenho dos alunos e mais alto o n\u00famero de aprovados, maior \u00e9 o Ideb.<\/p>\n","protected":false},"excerpt":{"rendered":"<p>O Minist\u00e9rio da Educa\u00e7\u00e3o (MEC) e o Instituto Nacional de Estudos e Pesquisas Educacionais An\u00edsio Teixeira (Inep) divulgaram nesta quarta-feira (14), o \u00cdndice de Desenvolvimento da Educa\u00e7\u00e3o B\u00e1sica (ldeb) 2023. De acordo com o indicador, o Rio Grande do Sul alcan\u00e7ou 6 pontos nos anos iniciais do ensino fundamental (1\u00ba ao 5\u00ba), resultado que ficou [&hellip;]<\/p>\n","protected":false},"author":2,"featured_media":103581,"comment_status":"open","ping_status":"open","sticky":false,"template":"","format":"standard","meta":{"footnotes":""},"categories":[11],"tags":[],"class_list":["post-103580","post","type-post","status-publish","format-standard","has-post-thumbnail","hentry","category-ensino"],"_links":{"self":[{"href":"https:\/\/ativeagencia.com.br\/radiomais\/wp-json\/wp\/v2\/posts\/103580","targetHints":{"allow":["GET"]}}],"collection":[{"href":"https:\/\/ativeagencia.com.br\/radiomais\/wp-json\/wp\/v2\/posts"}],"about":[{"href":"https:\/\/ativeagencia.com.br\/radiomais\/wp-json\/wp\/v2\/types\/post"}],"author":[{"embeddable":true,"href":"https:\/\/ativeagencia.com.br\/radiomais\/wp-json\/wp\/v2\/users\/2"}],"replies":[{"embeddable":true,"href":"https:\/\/ativeagencia.com.br\/radiomais\/wp-json\/wp\/v2\/comments?post=103580"}],"version-history":[{"count":1,"href":"https:\/\/ativeagencia.com.br\/radiomais\/wp-json\/wp\/v2\/posts\/103580\/revisions"}],"predecessor-version":[{"id":103582,"href":"https:\/\/ativeagencia.com.br\/radiomais\/wp-json\/wp\/v2\/posts\/103580\/revisions\/103582"}],"wp:featuredmedia":[{"embeddable":true,"href":"https:\/\/ativeagencia.com.br\/radiomais\/wp-json\/wp\/v2\/media\/103581"}],"wp:attachment":[{"href":"https:\/\/ativeagencia.com.br\/radiomais\/wp-json\/wp\/v2\/media?parent=103580"}],"wp:term":[{"taxonomy":"category","embeddable":true,"href":"https:\/\/ativeagencia.com.br\/radiomais\/wp-json\/wp\/v2\/categories?post=103580"},{"taxonomy":"post_tag","embeddable":true,"href":"https:\/\/ativeagencia.com.br\/radiomais\/wp-json\/wp\/v2\/tags?post=103580"}],"curies":[{"name":"wp","href":"https:\/\/api.w.org\/{rel}","templated":true}]}}