{"id":103588,"date":"2024-08-07T20:20:19","date_gmt":"2024-08-07T20:20:19","guid":{"rendered":"https:\/\/ativeagencia.com.br\/radiomais\/?p=103588"},"modified":"2024-08-22T20:08:58","modified_gmt":"2024-08-22T20:08:58","slug":"orquestra-jovem-prepara-concerto-em-homenagem-a-santa-rosa","status":"publish","type":"post","link":"https:\/\/ativeagencia.com.br\/radiomais\/2024\/08\/07\/orquestra-jovem-prepara-concerto-em-homenagem-a-santa-rosa\/","title":{"rendered":"Concerto em homenagem a Santa Rosa"},"content":{"rendered":"<p>A Orquestra Jovem Santa Rosa realiza na sexta-feira (16) um Concerto em comemora\u00e7\u00e3o aos 93 anos do Munic\u00edpio.<br \/>\nSer\u00e1 no Centro C\u00edvico Ant\u00f4nio Carlos Borges, a partir das 19h30.<br \/>\nNa programa\u00e7\u00e3o, repert\u00f3rio variado que inclui m\u00fasica regional, compositores santa-rosenses, temas de filmes e a participa\u00e7\u00e3o dos estudantes que participam das aulas de cantos nas escolas da Rede Municipal.<\/p>\n","protected":false},"excerpt":{"rendered":"<p>A Orquestra Jovem Santa Rosa realiza na sexta-feira (16) um Concerto em comemora\u00e7\u00e3o aos 93 anos do Munic\u00edpio. Ser\u00e1 no Centro C\u00edvico Ant\u00f4nio Carlos Borges, a partir das 19h30. Na programa\u00e7\u00e3o, repert\u00f3rio variado que inclui m\u00fasica regional, compositores santa-rosenses, temas de filmes e a participa\u00e7\u00e3o dos estudantes que participam das aulas de cantos nas escolas [&hellip;]<\/p>\n","protected":false},"author":2,"featured_media":103799,"comment_status":"open","ping_status":"open","sticky":false,"template":"","format":"standard","meta":{"footnotes":""},"categories":[13],"tags":[],"class_list":["post-103588","post","type-post","status-publish","format-standard","has-post-thumbnail","hentry","category-geral"],"_links":{"self":[{"href":"https:\/\/ativeagencia.com.br\/radiomais\/wp-json\/wp\/v2\/posts\/103588","targetHints":{"allow":["GET"]}}],"collection":[{"href":"https:\/\/ativeagencia.com.br\/radiomais\/wp-json\/wp\/v2\/posts"}],"about":[{"href":"https:\/\/ativeagencia.com.br\/radiomais\/wp-json\/wp\/v2\/types\/post"}],"author":[{"embeddable":true,"href":"https:\/\/ativeagencia.com.br\/radiomais\/wp-json\/wp\/v2\/users\/2"}],"replies":[{"embeddable":true,"href":"https:\/\/ativeagencia.com.br\/radiomais\/wp-json\/wp\/v2\/comments?post=103588"}],"version-history":[{"count":3,"href":"https:\/\/ativeagencia.com.br\/radiomais\/wp-json\/wp\/v2\/posts\/103588\/revisions"}],"predecessor-version":[{"id":103800,"href":"https:\/\/ativeagencia.com.br\/radiomais\/wp-json\/wp\/v2\/posts\/103588\/revisions\/103800"}],"wp:featuredmedia":[{"embeddable":true,"href":"https:\/\/ativeagencia.com.br\/radiomais\/wp-json\/wp\/v2\/media\/103799"}],"wp:attachment":[{"href":"https:\/\/ativeagencia.com.br\/radiomais\/wp-json\/wp\/v2\/media?parent=103588"}],"wp:term":[{"taxonomy":"category","embeddable":true,"href":"https:\/\/ativeagencia.com.br\/radiomais\/wp-json\/wp\/v2\/categories?post=103588"},{"taxonomy":"post_tag","embeddable":true,"href":"https:\/\/ativeagencia.com.br\/radiomais\/wp-json\/wp\/v2\/tags?post=103588"}],"curies":[{"name":"wp","href":"https:\/\/api.w.org\/{rel}","templated":true}]}}