{"id":103597,"date":"2024-08-16T01:54:09","date_gmt":"2024-08-16T01:54:09","guid":{"rendered":"https:\/\/ativeagencia.com.br\/radiomais\/?p=103597"},"modified":"2024-08-29T13:06:12","modified_gmt":"2024-08-29T13:06:12","slug":"103597","status":"publish","type":"post","link":"https:\/\/ativeagencia.com.br\/radiomais\/2024\/08\/16\/103597\/","title":{"rendered":"Lu\u00edsa Sonza chama f\u00e3s para curtir seu show em Tuparendi"},"content":{"rendered":"<p>Lu\u00edsa Sonza se apresenta no dia 7 de setembro, pela primeira vez, em sua terra natal, Tuparendi. Ela far\u00e1 um show em benef\u00edcio ao Hospital da cidade. Ser\u00e1 durante a programa\u00e7\u00e3o da FICAT 2024. A cantora usou suas redes sociais para conclamar os f\u00e3s, para prestigiar o show que ela est\u00e1 preparando especialmente para a ocasi\u00e3o.<\/p>\n<p>&nbsp;<\/p>\n<div style=\"width: 1080px;\" class=\"wp-video\"><video class=\"wp-video-shortcode\" id=\"video-103597-1\" width=\"1080\" height=\"1920\" preload=\"metadata\" controls=\"controls\"><source type=\"video\/mp4\" src=\"https:\/\/ativeagencia.com.br\/radiomais\/wp-content\/uploads\/2024\/08\/sonza.mp4?_=1\" \/><a href=\"https:\/\/ativeagencia.com.br\/radiomais\/wp-content\/uploads\/2024\/08\/sonza.mp4\">https:\/\/ativeagencia.com.br\/radiomais\/wp-content\/uploads\/2024\/08\/sonza.mp4<\/a><\/video><\/div>\n","protected":false},"excerpt":{"rendered":"<p>Lu\u00edsa Sonza se apresenta no dia 7 de setembro, pela primeira vez, em sua terra natal, Tuparendi. Ela far\u00e1 um show em benef\u00edcio ao Hospital da cidade. Ser\u00e1 durante a programa\u00e7\u00e3o da FICAT 2024. A cantora usou suas redes sociais para conclamar os f\u00e3s, para prestigiar o show que ela est\u00e1 preparando especialmente para a [&hellip;]<\/p>\n","protected":false},"author":2,"featured_media":103610,"comment_status":"open","ping_status":"open","sticky":false,"template":"","format":"standard","meta":{"footnotes":""},"categories":[13],"tags":[54,51,53,52],"class_list":["post-103597","post","type-post","status-publish","format-standard","has-post-thumbnail","hentry","category-geral","tag-ficat","tag-luisa-sonza","tag-santa-rosa","tag-tuparendi"],"_links":{"self":[{"href":"https:\/\/ativeagencia.com.br\/radiomais\/wp-json\/wp\/v2\/posts\/103597","targetHints":{"allow":["GET"]}}],"collection":[{"href":"https:\/\/ativeagencia.com.br\/radiomais\/wp-json\/wp\/v2\/posts"}],"about":[{"href":"https:\/\/ativeagencia.com.br\/radiomais\/wp-json\/wp\/v2\/types\/post"}],"author":[{"embeddable":true,"href":"https:\/\/ativeagencia.com.br\/radiomais\/wp-json\/wp\/v2\/users\/2"}],"replies":[{"embeddable":true,"href":"https:\/\/ativeagencia.com.br\/radiomais\/wp-json\/wp\/v2\/comments?post=103597"}],"version-history":[{"count":2,"href":"https:\/\/ativeagencia.com.br\/radiomais\/wp-json\/wp\/v2\/posts\/103597\/revisions"}],"predecessor-version":[{"id":103601,"href":"https:\/\/ativeagencia.com.br\/radiomais\/wp-json\/wp\/v2\/posts\/103597\/revisions\/103601"}],"wp:featuredmedia":[{"embeddable":true,"href":"https:\/\/ativeagencia.com.br\/radiomais\/wp-json\/wp\/v2\/media\/103610"}],"wp:attachment":[{"href":"https:\/\/ativeagencia.com.br\/radiomais\/wp-json\/wp\/v2\/media?parent=103597"}],"wp:term":[{"taxonomy":"category","embeddable":true,"href":"https:\/\/ativeagencia.com.br\/radiomais\/wp-json\/wp\/v2\/categories?post=103597"},{"taxonomy":"post_tag","embeddable":true,"href":"https:\/\/ativeagencia.com.br\/radiomais\/wp-json\/wp\/v2\/tags?post=103597"}],"curies":[{"name":"wp","href":"https:\/\/api.w.org\/{rel}","templated":true}]}}