{"id":103602,"date":"2024-08-16T17:05:26","date_gmt":"2024-08-16T17:05:26","guid":{"rendered":"https:\/\/ativeagencia.com.br\/radiomais\/?p=103602"},"modified":"2024-08-16T17:05:26","modified_gmt":"2024-08-16T17:05:26","slug":"rs-registra-reducao-nos-casos-de-homicidios-em-2024","status":"publish","type":"post","link":"https:\/\/ativeagencia.com.br\/radiomais\/2024\/08\/16\/rs-registra-reducao-nos-casos-de-homicidios-em-2024\/","title":{"rendered":"RS registra redu\u00e7\u00e3o nos casos de homic\u00eddios em 2024"},"content":{"rendered":"<p>O Rio Grande do Sul registrou, em julho, uma redu\u00e7\u00e3o de 37,6% no n\u00famero de homic\u00eddios na compara\u00e7\u00e3o com o mesmo m\u00eas do ano passado. Foram contabilizadas 68 v\u00edtimas, o menor n\u00famero da hist\u00f3ria do Estado, ante os 109 casos verificados em julho de 2023.<br \/>\nOs dados foram divulgados nesta quinta-feira (15) pela Secretaria Estadual da Seguran\u00e7a P\u00fablica.<br \/>\nOs feminic\u00eddios tamb\u00e9m ca\u00edram. Os registros desse tipo de crime passaram de nove, em 2023, para seis neste ano, uma queda de 33%.<br \/>\nOs latroc\u00ednios, por\u00e9m, aumentaram, passando de um em julho de 2023 para quatro neste ano, sendo parte deles decorrente do assalto a um hotel no munic\u00edpio de Mato Castelhano, onde dois professores universit\u00e1rios foram mortos.<br \/>\nOs roubos a pedestres continuam com tend\u00eancia de queda no RS, com redu\u00e7\u00e3o de 52% em julho. No ano passado, 2,3 mil pedestres haviam sido assaltados no Estado, ao passo que em julho deste ano o n\u00famero de v\u00edtimas foi de 1,1 mil.<\/p>\n","protected":false},"excerpt":{"rendered":"<p>O Rio Grande do Sul registrou, em julho, uma redu\u00e7\u00e3o de 37,6% no n\u00famero de homic\u00eddios na compara\u00e7\u00e3o com o mesmo m\u00eas do ano passado. Foram contabilizadas 68 v\u00edtimas, o menor n\u00famero da hist\u00f3ria do Estado, ante os 109 casos verificados em julho de 2023. Os dados foram divulgados nesta quinta-feira (15) pela Secretaria Estadual [&hellip;]<\/p>\n","protected":false},"author":2,"featured_media":103603,"comment_status":"open","ping_status":"open","sticky":false,"template":"","format":"standard","meta":{"footnotes":""},"categories":[43],"tags":[],"class_list":["post-103602","post","type-post","status-publish","format-standard","has-post-thumbnail","hentry","category-policia"],"_links":{"self":[{"href":"https:\/\/ativeagencia.com.br\/radiomais\/wp-json\/wp\/v2\/posts\/103602","targetHints":{"allow":["GET"]}}],"collection":[{"href":"https:\/\/ativeagencia.com.br\/radiomais\/wp-json\/wp\/v2\/posts"}],"about":[{"href":"https:\/\/ativeagencia.com.br\/radiomais\/wp-json\/wp\/v2\/types\/post"}],"author":[{"embeddable":true,"href":"https:\/\/ativeagencia.com.br\/radiomais\/wp-json\/wp\/v2\/users\/2"}],"replies":[{"embeddable":true,"href":"https:\/\/ativeagencia.com.br\/radiomais\/wp-json\/wp\/v2\/comments?post=103602"}],"version-history":[{"count":2,"href":"https:\/\/ativeagencia.com.br\/radiomais\/wp-json\/wp\/v2\/posts\/103602\/revisions"}],"predecessor-version":[{"id":103605,"href":"https:\/\/ativeagencia.com.br\/radiomais\/wp-json\/wp\/v2\/posts\/103602\/revisions\/103605"}],"wp:featuredmedia":[{"embeddable":true,"href":"https:\/\/ativeagencia.com.br\/radiomais\/wp-json\/wp\/v2\/media\/103603"}],"wp:attachment":[{"href":"https:\/\/ativeagencia.com.br\/radiomais\/wp-json\/wp\/v2\/media?parent=103602"}],"wp:term":[{"taxonomy":"category","embeddable":true,"href":"https:\/\/ativeagencia.com.br\/radiomais\/wp-json\/wp\/v2\/categories?post=103602"},{"taxonomy":"post_tag","embeddable":true,"href":"https:\/\/ativeagencia.com.br\/radiomais\/wp-json\/wp\/v2\/tags?post=103602"}],"curies":[{"name":"wp","href":"https:\/\/api.w.org\/{rel}","templated":true}]}}