{"id":103606,"date":"2024-08-16T17:08:44","date_gmt":"2024-08-16T17:08:44","guid":{"rendered":"https:\/\/ativeagencia.com.br\/radiomais\/?p=103606"},"modified":"2024-08-16T17:09:55","modified_gmt":"2024-08-16T17:09:55","slug":"propaganda-eleitoral-tem-inicio-no-pais","status":"publish","type":"post","link":"https:\/\/ativeagencia.com.br\/radiomais\/2024\/08\/16\/propaganda-eleitoral-tem-inicio-no-pais\/","title":{"rendered":"Propaganda eleitoral tem in\u00edcio no pa\u00eds"},"content":{"rendered":"<p>A partir desta sexta-feira (16), candidatos aos cargos de prefeito, vice-prefeito e vereador podem realizar propaganda eleitoral. A divulga\u00e7\u00e3o pode ser feita nas ruas e na internet.<br \/>\nA propaganda geral j\u00e1 est\u00e1 permitida, enquanto o hor\u00e1rio eleitoral gratuito s\u00f3 iniciar\u00e1 em 30 de agosto.<\/p>\n<p><strong>O que pode na propaganda eleitoral: <\/strong><br \/>\n&#8211; propaganda eleitoral nas ruas e na internet;<br \/>\n&#8211; impulsionamento de conte\u00fados pol\u00edtico-eleitorais com ferramentas oferecidas pelas plataformas, por partidos, por federa\u00e7\u00f5es, por coliga\u00e7\u00f5es, por candidaturas e por representantes;<br \/>\n&#8211; uso da intelig\u00eancia artificial para criar imagens e sons, desde que o material esteja devidamente rotulado, com a indica\u00e7\u00e3o de que \u00e9 um conte\u00fado fabricado ou manipulado e do tipo de tecnologia utilizada;<br \/>\n&#8211; utiliza\u00e7\u00e3o de alto-falantes ou amplificadores de som at\u00e9 5 de outubro, das 8h \u00e0s 22h, desde que estejam a mais de 200 metros das sedes dos Poderes Executivo e Legislativo, dos tribunais judiciais, dos hospitais e das casas de sa\u00fade e das escolas, das bibliotecas p\u00fablicas, das igrejas e dos teatros, quando em funcionamento, entre outros;<br \/>\n&#8211; distribui\u00e7\u00e3o de material gr\u00e1fico e realiza\u00e7\u00e3o de caminhada, carreata ou passeata na qual se utilizem outros meios de locomo\u00e7\u00e3o, acompanhadas ou n\u00e3o por carro de som at\u00e9 as 22h;<br \/>\n&#8211; promo\u00e7\u00e3o de circula\u00e7\u00e3o paga ou impulsionada de propaganda eleitoral na internet.<\/p>\n<p><strong>O que n\u00e3o pode: <\/strong><br \/>\n&#8211; realizar disparo em massa de mensagens;<br \/>\n&#8211; usar intelig\u00eancia artificial para fabricar ou manipular conte\u00fados posteriormente usados para difundir mentiras sobre o processo eleitoral;<br \/>\n&#8211; utilizar, para prejudicar ou favorecer candidatura, conte\u00fado sint\u00e9tico gerado ou manipulado digitalmente com inten\u00e7\u00e3o de criar, substituir ou alterar imagem ou voz de pessoa viva, falecida ou fict\u00edcia (deep fake);<br \/>\n&#8211; veicular propaganda eleitoral em sites de pessoas jur\u00eddicas com ou sem fins lucrativos;<br \/>\n&#8211; transmitir ou retransmitir live eleitoral por emissoras de r\u00e1dio e de televis\u00e3o e em site, perfil ou canal de internet pertencente \u00e0 pessoa jur\u00eddica.<br \/>\n&#8211; derramar material de propaganda no local de vota\u00e7\u00e3o ou em vias pr\u00f3ximas.<\/p>\n","protected":false},"excerpt":{"rendered":"<p>A partir desta sexta-feira (16), candidatos aos cargos de prefeito, vice-prefeito e vereador podem realizar propaganda eleitoral. A divulga\u00e7\u00e3o pode ser feita nas ruas e na internet. A propaganda geral j\u00e1 est\u00e1 permitida, enquanto o hor\u00e1rio eleitoral gratuito s\u00f3 iniciar\u00e1 em 30 de agosto. O que pode na propaganda eleitoral: &#8211; propaganda eleitoral nas ruas [&hellip;]<\/p>\n","protected":false},"author":2,"featured_media":103607,"comment_status":"open","ping_status":"open","sticky":false,"template":"","format":"standard","meta":{"footnotes":""},"categories":[49,17],"tags":[],"class_list":["post-103606","post","type-post","status-publish","format-standard","has-post-thumbnail","hentry","category-eleicoes-2024","category-politica"],"_links":{"self":[{"href":"https:\/\/ativeagencia.com.br\/radiomais\/wp-json\/wp\/v2\/posts\/103606","targetHints":{"allow":["GET"]}}],"collection":[{"href":"https:\/\/ativeagencia.com.br\/radiomais\/wp-json\/wp\/v2\/posts"}],"about":[{"href":"https:\/\/ativeagencia.com.br\/radiomais\/wp-json\/wp\/v2\/types\/post"}],"author":[{"embeddable":true,"href":"https:\/\/ativeagencia.com.br\/radiomais\/wp-json\/wp\/v2\/users\/2"}],"replies":[{"embeddable":true,"href":"https:\/\/ativeagencia.com.br\/radiomais\/wp-json\/wp\/v2\/comments?post=103606"}],"version-history":[{"count":2,"href":"https:\/\/ativeagencia.com.br\/radiomais\/wp-json\/wp\/v2\/posts\/103606\/revisions"}],"predecessor-version":[{"id":103609,"href":"https:\/\/ativeagencia.com.br\/radiomais\/wp-json\/wp\/v2\/posts\/103606\/revisions\/103609"}],"wp:featuredmedia":[{"embeddable":true,"href":"https:\/\/ativeagencia.com.br\/radiomais\/wp-json\/wp\/v2\/media\/103607"}],"wp:attachment":[{"href":"https:\/\/ativeagencia.com.br\/radiomais\/wp-json\/wp\/v2\/media?parent=103606"}],"wp:term":[{"taxonomy":"category","embeddable":true,"href":"https:\/\/ativeagencia.com.br\/radiomais\/wp-json\/wp\/v2\/categories?post=103606"},{"taxonomy":"post_tag","embeddable":true,"href":"https:\/\/ativeagencia.com.br\/radiomais\/wp-json\/wp\/v2\/tags?post=103606"}],"curies":[{"name":"wp","href":"https:\/\/api.w.org\/{rel}","templated":true}]}}