{"id":103612,"date":"2024-08-16T17:16:14","date_gmt":"2024-08-16T17:16:14","guid":{"rendered":"https:\/\/ativeagencia.com.br\/radiomais\/?p=103612"},"modified":"2024-08-29T16:35:18","modified_gmt":"2024-08-29T16:35:18","slug":"jovem-furta-carteira-de-cliente-dentro-de-supermercado","status":"publish","type":"post","link":"https:\/\/ativeagencia.com.br\/radiomais\/2024\/08\/16\/jovem-furta-carteira-de-cliente-dentro-de-supermercado\/","title":{"rendered":"Jovem furta carteira de cliente dentro de supermercado"},"content":{"rendered":"<p>Uma mulher comunicou na Delegacia de Pol\u00edcia que estava em um supermercado, no centro de Santa Rosa, quando furtaram sua carteira que estava no seu carrinho de compras.<br \/>\nNa carteira continha documentos pessoais, cart\u00f5es de bancos e de lojas e Carteira de Habilita\u00e7\u00e3o.<br \/>\nFoi acessado o sistema de videomonitoramento do supermercado, que registrou o momento em que uma jovem cometeu o furto. As imagens foram encaminhadas \u00e0 pol\u00edcia, que, desta forma poder\u00e1 identificar a autora do furto.<\/p>\n","protected":false},"excerpt":{"rendered":"<p>Uma mulher comunicou na Delegacia de Pol\u00edcia que estava em um supermercado, no centro de Santa Rosa, quando furtaram sua carteira que estava no seu carrinho de compras. Na carteira continha documentos pessoais, cart\u00f5es de bancos e de lojas e Carteira de Habilita\u00e7\u00e3o. Foi acessado o sistema de videomonitoramento do supermercado, que registrou o momento [&hellip;]<\/p>\n","protected":false},"author":2,"featured_media":103613,"comment_status":"open","ping_status":"open","sticky":false,"template":"","format":"standard","meta":{"footnotes":""},"categories":[43],"tags":[],"class_list":["post-103612","post","type-post","status-publish","format-standard","has-post-thumbnail","hentry","category-policia"],"_links":{"self":[{"href":"https:\/\/ativeagencia.com.br\/radiomais\/wp-json\/wp\/v2\/posts\/103612","targetHints":{"allow":["GET"]}}],"collection":[{"href":"https:\/\/ativeagencia.com.br\/radiomais\/wp-json\/wp\/v2\/posts"}],"about":[{"href":"https:\/\/ativeagencia.com.br\/radiomais\/wp-json\/wp\/v2\/types\/post"}],"author":[{"embeddable":true,"href":"https:\/\/ativeagencia.com.br\/radiomais\/wp-json\/wp\/v2\/users\/2"}],"replies":[{"embeddable":true,"href":"https:\/\/ativeagencia.com.br\/radiomais\/wp-json\/wp\/v2\/comments?post=103612"}],"version-history":[{"count":1,"href":"https:\/\/ativeagencia.com.br\/radiomais\/wp-json\/wp\/v2\/posts\/103612\/revisions"}],"predecessor-version":[{"id":103614,"href":"https:\/\/ativeagencia.com.br\/radiomais\/wp-json\/wp\/v2\/posts\/103612\/revisions\/103614"}],"wp:featuredmedia":[{"embeddable":true,"href":"https:\/\/ativeagencia.com.br\/radiomais\/wp-json\/wp\/v2\/media\/103613"}],"wp:attachment":[{"href":"https:\/\/ativeagencia.com.br\/radiomais\/wp-json\/wp\/v2\/media?parent=103612"}],"wp:term":[{"taxonomy":"category","embeddable":true,"href":"https:\/\/ativeagencia.com.br\/radiomais\/wp-json\/wp\/v2\/categories?post=103612"},{"taxonomy":"post_tag","embeddable":true,"href":"https:\/\/ativeagencia.com.br\/radiomais\/wp-json\/wp\/v2\/tags?post=103612"}],"curies":[{"name":"wp","href":"https:\/\/api.w.org\/{rel}","templated":true}]}}