{"id":103616,"date":"2024-08-16T17:19:17","date_gmt":"2024-08-16T17:19:17","guid":{"rendered":"https:\/\/ativeagencia.com.br\/radiomais\/?p=103616"},"modified":"2024-08-16T17:19:17","modified_gmt":"2024-08-16T17:19:17","slug":"defensoria-publica-de-santa-rosa-atende-pelo-fone-129","status":"publish","type":"post","link":"https:\/\/ativeagencia.com.br\/radiomais\/2024\/08\/16\/defensoria-publica-de-santa-rosa-atende-pelo-fone-129\/","title":{"rendered":"Defensoria P\u00fablica de Santa Rosa atende pelo fone 129"},"content":{"rendered":"<p>A Defensoria P\u00fablica do Rio Grande do Sul, buscando qualificar o atendimento telef\u00f4nico oferecido, vem trabalhado para ampliar a cobertura do <strong>Al\u00f4 Defensoria<\/strong>. Agora os moradores de Santa Rosa tamb\u00e9m s\u00e3o atendidos pelo n\u00famero <strong>129<\/strong>.<br \/>\nPelo Al\u00f4 Defensoria \u00e9 poss\u00edvel obter informa\u00e7\u00f5es sobre endere\u00e7os e hor\u00e1rios de atendimento, lista m\u00ednima de documentos para serem levados para o atendimento presencial, andamento de processos, entre outros.<br \/>\nO n\u00famero <strong>129<\/strong> funciona de segunda a sexta-feira, das 12h \u00e0s 19h.<\/p>\n","protected":false},"excerpt":{"rendered":"<p>A Defensoria P\u00fablica do Rio Grande do Sul, buscando qualificar o atendimento telef\u00f4nico oferecido, vem trabalhado para ampliar a cobertura do Al\u00f4 Defensoria. Agora os moradores de Santa Rosa tamb\u00e9m s\u00e3o atendidos pelo n\u00famero 129. Pelo Al\u00f4 Defensoria \u00e9 poss\u00edvel obter informa\u00e7\u00f5es sobre endere\u00e7os e hor\u00e1rios de atendimento, lista m\u00ednima de documentos para serem levados [&hellip;]<\/p>\n","protected":false},"author":2,"featured_media":103617,"comment_status":"open","ping_status":"open","sticky":false,"template":"","format":"standard","meta":{"footnotes":""},"categories":[13],"tags":[],"class_list":["post-103616","post","type-post","status-publish","format-standard","has-post-thumbnail","hentry","category-geral"],"_links":{"self":[{"href":"https:\/\/ativeagencia.com.br\/radiomais\/wp-json\/wp\/v2\/posts\/103616","targetHints":{"allow":["GET"]}}],"collection":[{"href":"https:\/\/ativeagencia.com.br\/radiomais\/wp-json\/wp\/v2\/posts"}],"about":[{"href":"https:\/\/ativeagencia.com.br\/radiomais\/wp-json\/wp\/v2\/types\/post"}],"author":[{"embeddable":true,"href":"https:\/\/ativeagencia.com.br\/radiomais\/wp-json\/wp\/v2\/users\/2"}],"replies":[{"embeddable":true,"href":"https:\/\/ativeagencia.com.br\/radiomais\/wp-json\/wp\/v2\/comments?post=103616"}],"version-history":[{"count":2,"href":"https:\/\/ativeagencia.com.br\/radiomais\/wp-json\/wp\/v2\/posts\/103616\/revisions"}],"predecessor-version":[{"id":103619,"href":"https:\/\/ativeagencia.com.br\/radiomais\/wp-json\/wp\/v2\/posts\/103616\/revisions\/103619"}],"wp:featuredmedia":[{"embeddable":true,"href":"https:\/\/ativeagencia.com.br\/radiomais\/wp-json\/wp\/v2\/media\/103617"}],"wp:attachment":[{"href":"https:\/\/ativeagencia.com.br\/radiomais\/wp-json\/wp\/v2\/media?parent=103616"}],"wp:term":[{"taxonomy":"category","embeddable":true,"href":"https:\/\/ativeagencia.com.br\/radiomais\/wp-json\/wp\/v2\/categories?post=103616"},{"taxonomy":"post_tag","embeddable":true,"href":"https:\/\/ativeagencia.com.br\/radiomais\/wp-json\/wp\/v2\/tags?post=103616"}],"curies":[{"name":"wp","href":"https:\/\/api.w.org\/{rel}","templated":true}]}}