{"id":103620,"date":"2024-08-16T14:23:55","date_gmt":"2024-08-16T14:23:55","guid":{"rendered":"https:\/\/ativeagencia.com.br\/radiomais\/?p=103620"},"modified":"2024-08-16T18:05:52","modified_gmt":"2024-08-16T18:05:52","slug":"musicanto-2025-comeca-a-ser-organizado","status":"publish","type":"post","link":"https:\/\/ativeagencia.com.br\/radiomais\/2024\/08\/16\/musicanto-2025-comeca-a-ser-organizado\/","title":{"rendered":"Musicanto 2025 come\u00e7a a ser organizado"},"content":{"rendered":"<p>O presidente da pr\u00f3xima edi\u00e7\u00e3o do Musicanto, Fernando Borela, reuniu volunt\u00e1rios integrantes de comiss\u00f5es para tratar dos preparativos visando a organiza\u00e7\u00e3o do festival, que acontece em 2025.<br \/>\nNa oportunidade foram apresentados os integrantes de comiss\u00f5es, e discutidos os primeiros projetos a serem executados.<br \/>\n\u201cA \u00faltima edi\u00e7\u00e3o do festival foi um sucesso, desde a qualidade musical a participa\u00e7\u00e3o de artistas e do p\u00fablico. Entre as novidades apresentamos a Cidade Musicanto e conseguimos ampliar nossa participa\u00e7\u00e3o com estudantes atrav\u00e9s do Projeto Musicanto Vai \u00e0 Escola. Agora \u00e9 pensar a edi\u00e7\u00e3o de 2025, e contamos com um grupo volunt\u00e1rio com expertise para isso\u201d, afirmou Borela.<br \/>\nO vice-presidente, Lu\u00eds Dorneles refor\u00e7ou algumas necessidades, como finaliza\u00e7\u00e3o dos planos de patroc\u00ednios para as capta\u00e7\u00f5es, e agradeceu a todos por aceitarem o desafio volunt\u00e1rio.<br \/>\nJ\u00e1 o coordenador do festival, F\u00e1bio Meinerz, salientou a necessidade de cada integrante pensar projetos em sua \u00e1rea para que as a\u00e7\u00f5es possam ser pensadas e executadas, refor\u00e7ando ainda a programa\u00e7\u00e3o do festival.<br \/>\nO 30\u00ba Musicanto acontecer\u00e1 de 6 a 8 de novembro de 2025.<\/p>\n","protected":false},"excerpt":{"rendered":"<p>O presidente da pr\u00f3xima edi\u00e7\u00e3o do Musicanto, Fernando Borela, reuniu volunt\u00e1rios integrantes de comiss\u00f5es para tratar dos preparativos visando a organiza\u00e7\u00e3o do festival, que acontece em 2025. Na oportunidade foram apresentados os integrantes de comiss\u00f5es, e discutidos os primeiros projetos a serem executados. \u201cA \u00faltima edi\u00e7\u00e3o do festival foi um sucesso, desde a qualidade musical [&hellip;]<\/p>\n","protected":false},"author":2,"featured_media":103621,"comment_status":"open","ping_status":"open","sticky":false,"template":"","format":"standard","meta":{"footnotes":""},"categories":[28,55],"tags":[],"class_list":["post-103620","post","type-post","status-publish","format-standard","has-post-thumbnail","hentry","category-entretenimento","category-musicanto-2025"],"_links":{"self":[{"href":"https:\/\/ativeagencia.com.br\/radiomais\/wp-json\/wp\/v2\/posts\/103620","targetHints":{"allow":["GET"]}}],"collection":[{"href":"https:\/\/ativeagencia.com.br\/radiomais\/wp-json\/wp\/v2\/posts"}],"about":[{"href":"https:\/\/ativeagencia.com.br\/radiomais\/wp-json\/wp\/v2\/types\/post"}],"author":[{"embeddable":true,"href":"https:\/\/ativeagencia.com.br\/radiomais\/wp-json\/wp\/v2\/users\/2"}],"replies":[{"embeddable":true,"href":"https:\/\/ativeagencia.com.br\/radiomais\/wp-json\/wp\/v2\/comments?post=103620"}],"version-history":[{"count":1,"href":"https:\/\/ativeagencia.com.br\/radiomais\/wp-json\/wp\/v2\/posts\/103620\/revisions"}],"predecessor-version":[{"id":103622,"href":"https:\/\/ativeagencia.com.br\/radiomais\/wp-json\/wp\/v2\/posts\/103620\/revisions\/103622"}],"wp:featuredmedia":[{"embeddable":true,"href":"https:\/\/ativeagencia.com.br\/radiomais\/wp-json\/wp\/v2\/media\/103621"}],"wp:attachment":[{"href":"https:\/\/ativeagencia.com.br\/radiomais\/wp-json\/wp\/v2\/media?parent=103620"}],"wp:term":[{"taxonomy":"category","embeddable":true,"href":"https:\/\/ativeagencia.com.br\/radiomais\/wp-json\/wp\/v2\/categories?post=103620"},{"taxonomy":"post_tag","embeddable":true,"href":"https:\/\/ativeagencia.com.br\/radiomais\/wp-json\/wp\/v2\/tags?post=103620"}],"curies":[{"name":"wp","href":"https:\/\/api.w.org\/{rel}","templated":true}]}}