{"id":103628,"date":"2024-08-16T18:31:55","date_gmt":"2024-08-16T18:31:55","guid":{"rendered":"https:\/\/ativeagencia.com.br\/radiomais\/?p=103628"},"modified":"2024-08-16T18:42:51","modified_gmt":"2024-08-16T18:42:51","slug":"gp-de-rolima-reunira-45-competidores-em-santa-rosa","status":"publish","type":"post","link":"https:\/\/ativeagencia.com.br\/radiomais\/2024\/08\/16\/gp-de-rolima-reunira-45-competidores-em-santa-rosa\/","title":{"rendered":"GP de Rolim\u00e3 reunir\u00e1 45 competidores em Santa Rosa"},"content":{"rendered":"<p>Programado para iniciar \u00e0s 9h deste domingo (18), o 2\u00ba GP de Rolim\u00e3, promovido pelo Instituto Federal Farroupilha &#8211; Campus Santa Rosa e Zuk Especializadas, ter\u00e1 45 equipes competindo.<br \/>\nO evento acontece na Rua Jo\u00e3o Macluf, com sa\u00edda em frente \u00e0 Zuk. Os competidores participam de tr\u00eas categorias e concorrem a pr\u00eamios e medalhas. Eles disputar\u00e3o em uma pista de aproximadamente 200m.<\/p>\n","protected":false},"excerpt":{"rendered":"<p>Programado para iniciar \u00e0s 9h deste domingo (18), o 2\u00ba GP de Rolim\u00e3, promovido pelo Instituto Federal Farroupilha &#8211; Campus Santa Rosa e Zuk Especializadas, ter\u00e1 45 equipes competindo. O evento acontece na Rua Jo\u00e3o Macluf, com sa\u00edda em frente \u00e0 Zuk. Os competidores participam de tr\u00eas categorias e concorrem a pr\u00eamios e medalhas. Eles [&hellip;]<\/p>\n","protected":false},"author":2,"featured_media":103633,"comment_status":"open","ping_status":"open","sticky":false,"template":"","format":"standard","meta":{"footnotes":""},"categories":[13],"tags":[],"class_list":["post-103628","post","type-post","status-publish","format-standard","has-post-thumbnail","hentry","category-geral"],"_links":{"self":[{"href":"https:\/\/ativeagencia.com.br\/radiomais\/wp-json\/wp\/v2\/posts\/103628","targetHints":{"allow":["GET"]}}],"collection":[{"href":"https:\/\/ativeagencia.com.br\/radiomais\/wp-json\/wp\/v2\/posts"}],"about":[{"href":"https:\/\/ativeagencia.com.br\/radiomais\/wp-json\/wp\/v2\/types\/post"}],"author":[{"embeddable":true,"href":"https:\/\/ativeagencia.com.br\/radiomais\/wp-json\/wp\/v2\/users\/2"}],"replies":[{"embeddable":true,"href":"https:\/\/ativeagencia.com.br\/radiomais\/wp-json\/wp\/v2\/comments?post=103628"}],"version-history":[{"count":2,"href":"https:\/\/ativeagencia.com.br\/radiomais\/wp-json\/wp\/v2\/posts\/103628\/revisions"}],"predecessor-version":[{"id":103632,"href":"https:\/\/ativeagencia.com.br\/radiomais\/wp-json\/wp\/v2\/posts\/103628\/revisions\/103632"}],"wp:featuredmedia":[{"embeddable":true,"href":"https:\/\/ativeagencia.com.br\/radiomais\/wp-json\/wp\/v2\/media\/103633"}],"wp:attachment":[{"href":"https:\/\/ativeagencia.com.br\/radiomais\/wp-json\/wp\/v2\/media?parent=103628"}],"wp:term":[{"taxonomy":"category","embeddable":true,"href":"https:\/\/ativeagencia.com.br\/radiomais\/wp-json\/wp\/v2\/categories?post=103628"},{"taxonomy":"post_tag","embeddable":true,"href":"https:\/\/ativeagencia.com.br\/radiomais\/wp-json\/wp\/v2\/tags?post=103628"}],"curies":[{"name":"wp","href":"https:\/\/api.w.org\/{rel}","templated":true}]}}