{"id":103697,"date":"2024-08-19T19:56:10","date_gmt":"2024-08-19T19:56:10","guid":{"rendered":"https:\/\/ativeagencia.com.br\/radiomais\/?p=103697"},"modified":"2024-08-19T19:56:10","modified_gmt":"2024-08-19T19:56:10","slug":"tenista-de-santo-cristo-esta-no-ranking-dos-melhores-do-mundo","status":"publish","type":"post","link":"https:\/\/ativeagencia.com.br\/radiomais\/2024\/08\/19\/tenista-de-santo-cristo-esta-no-ranking-dos-melhores-do-mundo\/","title":{"rendered":"Tenista de Santo Cristo est\u00e1 no ranking dos melhores do mundo"},"content":{"rendered":"<p>O santocristense Gabriel Gerhard alcan\u00e7ou o feito de estar entre os 10 melhores tenistas ranqueados do mundo, na categoria s\u00eanior +40 anos da Internacional Tennis Federation (ITF), \u00f3rg\u00e3o regulador do t\u00eanis mundial e que abrange uma s\u00e9rie de torneios.<br \/>\nNo ranking da ITF os pontos conquistados foram disputados em quatro torneios. Gabriel competiu em Bras\u00edlia e Porto Alegre, onde foi o campe\u00e3o nas duas etapas, al\u00e9m do Chile e Peru.<br \/>\nO ranking \u00e9 atualizado semanalmente e na semana passado, o tenista ocupava a 10\u00b0 posi\u00e7\u00e3o. Sua pr\u00f3xima competi\u00e7\u00e3o ser\u00e1 em outubro, em Santa Cruz de La Siera \u2013 Bol\u00edvia.<br \/>\nGabriel Gerhard come\u00e7ou no t\u00eanis, como uma brincadeira, aos 8 anos, no Haway Piscina Clube, de Santo Cristo, passando nos anos seguintes a competir em torneios regionais e competi\u00e7\u00f5es v\u00e1lidas para o circuito da Federa\u00e7\u00e3o Ga\u00facha de T\u00eanis. Atualmente \u00e9 professor de t\u00eanis.<\/p>\n","protected":false},"excerpt":{"rendered":"<p>O santocristense Gabriel Gerhard alcan\u00e7ou o feito de estar entre os 10 melhores tenistas ranqueados do mundo, na categoria s\u00eanior +40 anos da Internacional Tennis Federation (ITF), \u00f3rg\u00e3o regulador do t\u00eanis mundial e que abrange uma s\u00e9rie de torneios. No ranking da ITF os pontos conquistados foram disputados em quatro torneios. Gabriel competiu em Bras\u00edlia [&hellip;]<\/p>\n","protected":false},"author":2,"featured_media":103698,"comment_status":"open","ping_status":"open","sticky":false,"template":"","format":"standard","meta":{"footnotes":""},"categories":[31],"tags":[],"class_list":["post-103697","post","type-post","status-publish","format-standard","has-post-thumbnail","hentry","category-esportes"],"_links":{"self":[{"href":"https:\/\/ativeagencia.com.br\/radiomais\/wp-json\/wp\/v2\/posts\/103697","targetHints":{"allow":["GET"]}}],"collection":[{"href":"https:\/\/ativeagencia.com.br\/radiomais\/wp-json\/wp\/v2\/posts"}],"about":[{"href":"https:\/\/ativeagencia.com.br\/radiomais\/wp-json\/wp\/v2\/types\/post"}],"author":[{"embeddable":true,"href":"https:\/\/ativeagencia.com.br\/radiomais\/wp-json\/wp\/v2\/users\/2"}],"replies":[{"embeddable":true,"href":"https:\/\/ativeagencia.com.br\/radiomais\/wp-json\/wp\/v2\/comments?post=103697"}],"version-history":[{"count":2,"href":"https:\/\/ativeagencia.com.br\/radiomais\/wp-json\/wp\/v2\/posts\/103697\/revisions"}],"predecessor-version":[{"id":103700,"href":"https:\/\/ativeagencia.com.br\/radiomais\/wp-json\/wp\/v2\/posts\/103697\/revisions\/103700"}],"wp:featuredmedia":[{"embeddable":true,"href":"https:\/\/ativeagencia.com.br\/radiomais\/wp-json\/wp\/v2\/media\/103698"}],"wp:attachment":[{"href":"https:\/\/ativeagencia.com.br\/radiomais\/wp-json\/wp\/v2\/media?parent=103697"}],"wp:term":[{"taxonomy":"category","embeddable":true,"href":"https:\/\/ativeagencia.com.br\/radiomais\/wp-json\/wp\/v2\/categories?post=103697"},{"taxonomy":"post_tag","embeddable":true,"href":"https:\/\/ativeagencia.com.br\/radiomais\/wp-json\/wp\/v2\/tags?post=103697"}],"curies":[{"name":"wp","href":"https:\/\/api.w.org\/{rel}","templated":true}]}}