{"id":103701,"date":"2024-08-19T19:58:07","date_gmt":"2024-08-19T19:58:07","guid":{"rendered":"https:\/\/ativeagencia.com.br\/radiomais\/?p=103701"},"modified":"2024-08-19T20:00:42","modified_gmt":"2024-08-19T20:00:42","slug":"apreendida-em-porto-maua-carga-de-vinhos-contrabandeados-da-argentina","status":"publish","type":"post","link":"https:\/\/ativeagencia.com.br\/radiomais\/2024\/08\/19\/apreendida-em-porto-maua-carga-de-vinhos-contrabandeados-da-argentina\/","title":{"rendered":"Apreendida em Porto Mau\u00e1, carga de vinhos contrabandeados da Argentina"},"content":{"rendered":"<p>Policiais da Brigada Militar prenderam no final de semana, um homem por contrabando. O fato ocorreu na localidade de Itajub\u00e1 \u2013 Porto Mau\u00e1.<br \/>\nJunto a um porto, os policiais encontraram dois ve\u00edculos carregados de garrafas de vinho, que deram entrada no lado brasileiro via Rio Uruguai. Havia tamb\u00e9m um barco, usado pelos contrabandistas, com muitas garrafas da bebida, todas de proced\u00eancia argentina. Outras pessoas envolvidas conseguiram fugir ao avistarem a BM. A carga foi avaliada em R$ 142 mil.<\/p>\n","protected":false},"excerpt":{"rendered":"<p>Policiais da Brigada Militar prenderam no final de semana, um homem por contrabando. O fato ocorreu na localidade de Itajub\u00e1 \u2013 Porto Mau\u00e1. Junto a um porto, os policiais encontraram dois ve\u00edculos carregados de garrafas de vinho, que deram entrada no lado brasileiro via Rio Uruguai. Havia tamb\u00e9m um barco, usado pelos contrabandistas, com muitas [&hellip;]<\/p>\n","protected":false},"author":2,"featured_media":103702,"comment_status":"open","ping_status":"open","sticky":false,"template":"","format":"standard","meta":{"footnotes":""},"categories":[43],"tags":[],"class_list":["post-103701","post","type-post","status-publish","format-standard","has-post-thumbnail","hentry","category-policia"],"_links":{"self":[{"href":"https:\/\/ativeagencia.com.br\/radiomais\/wp-json\/wp\/v2\/posts\/103701","targetHints":{"allow":["GET"]}}],"collection":[{"href":"https:\/\/ativeagencia.com.br\/radiomais\/wp-json\/wp\/v2\/posts"}],"about":[{"href":"https:\/\/ativeagencia.com.br\/radiomais\/wp-json\/wp\/v2\/types\/post"}],"author":[{"embeddable":true,"href":"https:\/\/ativeagencia.com.br\/radiomais\/wp-json\/wp\/v2\/users\/2"}],"replies":[{"embeddable":true,"href":"https:\/\/ativeagencia.com.br\/radiomais\/wp-json\/wp\/v2\/comments?post=103701"}],"version-history":[{"count":1,"href":"https:\/\/ativeagencia.com.br\/radiomais\/wp-json\/wp\/v2\/posts\/103701\/revisions"}],"predecessor-version":[{"id":103703,"href":"https:\/\/ativeagencia.com.br\/radiomais\/wp-json\/wp\/v2\/posts\/103701\/revisions\/103703"}],"wp:featuredmedia":[{"embeddable":true,"href":"https:\/\/ativeagencia.com.br\/radiomais\/wp-json\/wp\/v2\/media\/103702"}],"wp:attachment":[{"href":"https:\/\/ativeagencia.com.br\/radiomais\/wp-json\/wp\/v2\/media?parent=103701"}],"wp:term":[{"taxonomy":"category","embeddable":true,"href":"https:\/\/ativeagencia.com.br\/radiomais\/wp-json\/wp\/v2\/categories?post=103701"},{"taxonomy":"post_tag","embeddable":true,"href":"https:\/\/ativeagencia.com.br\/radiomais\/wp-json\/wp\/v2\/tags?post=103701"}],"curies":[{"name":"wp","href":"https:\/\/api.w.org\/{rel}","templated":true}]}}