{"id":103704,"date":"2024-08-19T19:59:27","date_gmt":"2024-08-19T19:59:27","guid":{"rendered":"https:\/\/ativeagencia.com.br\/radiomais\/?p=103704"},"modified":"2024-09-03T18:05:07","modified_gmt":"2024-09-03T18:05:07","slug":"apae-de-santa-rosa-desenvolve-acoes-na-semana-nacional-da-pessoa-com-deficiencia","status":"publish","type":"post","link":"https:\/\/ativeagencia.com.br\/radiomais\/2024\/08\/19\/apae-de-santa-rosa-desenvolve-acoes-na-semana-nacional-da-pessoa-com-deficiencia\/","title":{"rendered":"APAE de Santa Rosa desenvolve a\u00e7\u00f5es na Semana Nacional da Pessoa com Defici\u00eancia"},"content":{"rendered":"<p>Para marcar o in\u00edcio da programa\u00e7\u00e3o da Semana Nacional da Pessoa com Defici\u00eancia Intelectual e M\u00faltipla, a APAE de Santa Rosa promove na quarta-feira (21) a Caminhada da Gratid\u00e3o pelas ruas centrais da cidade. A sa\u00edda ser\u00e1 \u00e0s 9h em frente \u00e0 Escola Especial Albino Minks, educand\u00e1rio mantido pela Associa\u00e7\u00e3o.<br \/>\nA iniciativa mobilizar\u00e1 alunos atendidos pela APAE, familiares, professores e comunidade.<br \/>\nA Semana Nacional inicia na quarta-feira e segue at\u00e9 o dia 28, com in\u00fameras atividades. Ainda na quarta-feira, no turno da tarde, junto ao gin\u00e1sio da APAE, uma a\u00e7\u00e3o vai resgatar a hist\u00f3ria da institui\u00e7\u00e3o, com a presen\u00e7a de fundadores da Associa\u00e7\u00e3o. J\u00e1 no s\u00e1bado (24) acontece o 27\u00ba Jantar dan\u00e7ante de confraterniza\u00e7\u00e3o. Ser\u00e1 no CTG Sep\u00e9 Tiaraju, com a anima\u00e7\u00e3o do Grupo Vaner\u00e3o, de Florian\u00f3polis. Cart\u00f5es \u00e0 venda na secretaria da APAE pelo fone 35121612.<\/p>\n","protected":false},"excerpt":{"rendered":"<p>Para marcar o in\u00edcio da programa\u00e7\u00e3o da Semana Nacional da Pessoa com Defici\u00eancia Intelectual e M\u00faltipla, a APAE de Santa Rosa promove na quarta-feira (21) a Caminhada da Gratid\u00e3o pelas ruas centrais da cidade. A sa\u00edda ser\u00e1 \u00e0s 9h em frente \u00e0 Escola Especial Albino Minks, educand\u00e1rio mantido pela Associa\u00e7\u00e3o. A iniciativa mobilizar\u00e1 alunos atendidos [&hellip;]<\/p>\n","protected":false},"author":2,"featured_media":103705,"comment_status":"open","ping_status":"open","sticky":false,"template":"","format":"standard","meta":{"footnotes":""},"categories":[11,24],"tags":[],"class_list":["post-103704","post","type-post","status-publish","format-standard","has-post-thumbnail","hentry","category-ensino","category-saude"],"_links":{"self":[{"href":"https:\/\/ativeagencia.com.br\/radiomais\/wp-json\/wp\/v2\/posts\/103704","targetHints":{"allow":["GET"]}}],"collection":[{"href":"https:\/\/ativeagencia.com.br\/radiomais\/wp-json\/wp\/v2\/posts"}],"about":[{"href":"https:\/\/ativeagencia.com.br\/radiomais\/wp-json\/wp\/v2\/types\/post"}],"author":[{"embeddable":true,"href":"https:\/\/ativeagencia.com.br\/radiomais\/wp-json\/wp\/v2\/users\/2"}],"replies":[{"embeddable":true,"href":"https:\/\/ativeagencia.com.br\/radiomais\/wp-json\/wp\/v2\/comments?post=103704"}],"version-history":[{"count":1,"href":"https:\/\/ativeagencia.com.br\/radiomais\/wp-json\/wp\/v2\/posts\/103704\/revisions"}],"predecessor-version":[{"id":103706,"href":"https:\/\/ativeagencia.com.br\/radiomais\/wp-json\/wp\/v2\/posts\/103704\/revisions\/103706"}],"wp:featuredmedia":[{"embeddable":true,"href":"https:\/\/ativeagencia.com.br\/radiomais\/wp-json\/wp\/v2\/media\/103705"}],"wp:attachment":[{"href":"https:\/\/ativeagencia.com.br\/radiomais\/wp-json\/wp\/v2\/media?parent=103704"}],"wp:term":[{"taxonomy":"category","embeddable":true,"href":"https:\/\/ativeagencia.com.br\/radiomais\/wp-json\/wp\/v2\/categories?post=103704"},{"taxonomy":"post_tag","embeddable":true,"href":"https:\/\/ativeagencia.com.br\/radiomais\/wp-json\/wp\/v2\/tags?post=103704"}],"curies":[{"name":"wp","href":"https:\/\/api.w.org\/{rel}","templated":true}]}}