{"id":103749,"date":"2024-08-21T19:55:45","date_gmt":"2024-08-21T19:55:45","guid":{"rendered":"https:\/\/ativeagencia.com.br\/radiomais\/?p=103749"},"modified":"2024-09-03T17:57:05","modified_gmt":"2024-09-03T17:57:05","slug":"igreja-assembleia-de-deus-de-santa-rosa-promove-evento-para-marcar-seus-90-anos","status":"publish","type":"post","link":"https:\/\/ativeagencia.com.br\/radiomais\/2024\/08\/21\/igreja-assembleia-de-deus-de-santa-rosa-promove-evento-para-marcar-seus-90-anos\/","title":{"rendered":"Igreja Assembleia de Deus de Santa Rosa promove evento para marcar seus 90 anos"},"content":{"rendered":"<p>Para marcar os 90 anos de sua presen\u00e7a em Santa Rosa, a Igreja Assembleia de Deus promove no m\u00eas de setembro, programa\u00e7\u00e3o especial alusiva \u00e0 data.<br \/>\nNos dias 22 e 23, membros dos distritos e congrega\u00e7\u00f5es, se re\u00fanem junto ao audit\u00f3rio da igreja matriz, onde acontecer\u00e1 cultos, prega\u00e7\u00f5es e homenagens.<br \/>\nConforme o pastor Ivonildo Andrade, ser\u00e1 uma programa\u00e7\u00e3o onde ser\u00e3o honrados a mem\u00f3ria e o legado dos pastores presidentes que muito fizeram pela igreja ao longo de nove d\u00e9cadas, al\u00e9m de momentos de reflex\u00e3o e louvor.<br \/>\nA prega\u00e7\u00e3o estar\u00e1 por conta do pastor Nerildo Accioly, de S\u00e3o Paulo e o louvor, do Quarteto Gileade, de Rio Verde (GO), que pela terceira vez, retorna a Santa Rosa.<br \/>\nUm dos destaques da programa\u00e7\u00e3o especial ser\u00e1 a homenagem que a igreja prestar\u00e1 aos pastores presidentes Apolo Batista Paz e Natanael Batista Paz (in memoriam), Natanael Strasser e Ivonildo Andrade.<\/p>\n","protected":false},"excerpt":{"rendered":"<p>Para marcar os 90 anos de sua presen\u00e7a em Santa Rosa, a Igreja Assembleia de Deus promove no m\u00eas de setembro, programa\u00e7\u00e3o especial alusiva \u00e0 data. Nos dias 22 e 23, membros dos distritos e congrega\u00e7\u00f5es, se re\u00fanem junto ao audit\u00f3rio da igreja matriz, onde acontecer\u00e1 cultos, prega\u00e7\u00f5es e homenagens. Conforme o pastor Ivonildo Andrade, [&hellip;]<\/p>\n","protected":false},"author":2,"featured_media":103750,"comment_status":"open","ping_status":"open","sticky":false,"template":"","format":"standard","meta":{"footnotes":""},"categories":[16,56],"tags":[],"class_list":["post-103749","post","type-post","status-publish","format-standard","has-post-thumbnail","hentry","category-destaque","category-religiao"],"_links":{"self":[{"href":"https:\/\/ativeagencia.com.br\/radiomais\/wp-json\/wp\/v2\/posts\/103749","targetHints":{"allow":["GET"]}}],"collection":[{"href":"https:\/\/ativeagencia.com.br\/radiomais\/wp-json\/wp\/v2\/posts"}],"about":[{"href":"https:\/\/ativeagencia.com.br\/radiomais\/wp-json\/wp\/v2\/types\/post"}],"author":[{"embeddable":true,"href":"https:\/\/ativeagencia.com.br\/radiomais\/wp-json\/wp\/v2\/users\/2"}],"replies":[{"embeddable":true,"href":"https:\/\/ativeagencia.com.br\/radiomais\/wp-json\/wp\/v2\/comments?post=103749"}],"version-history":[{"count":1,"href":"https:\/\/ativeagencia.com.br\/radiomais\/wp-json\/wp\/v2\/posts\/103749\/revisions"}],"predecessor-version":[{"id":103751,"href":"https:\/\/ativeagencia.com.br\/radiomais\/wp-json\/wp\/v2\/posts\/103749\/revisions\/103751"}],"wp:featuredmedia":[{"embeddable":true,"href":"https:\/\/ativeagencia.com.br\/radiomais\/wp-json\/wp\/v2\/media\/103750"}],"wp:attachment":[{"href":"https:\/\/ativeagencia.com.br\/radiomais\/wp-json\/wp\/v2\/media?parent=103749"}],"wp:term":[{"taxonomy":"category","embeddable":true,"href":"https:\/\/ativeagencia.com.br\/radiomais\/wp-json\/wp\/v2\/categories?post=103749"},{"taxonomy":"post_tag","embeddable":true,"href":"https:\/\/ativeagencia.com.br\/radiomais\/wp-json\/wp\/v2\/tags?post=103749"}],"curies":[{"name":"wp","href":"https:\/\/api.w.org\/{rel}","templated":true}]}}