{"id":103756,"date":"2024-08-21T20:04:29","date_gmt":"2024-08-21T20:04:29","guid":{"rendered":"https:\/\/ativeagencia.com.br\/radiomais\/?p=103756"},"modified":"2024-08-21T20:04:29","modified_gmt":"2024-08-21T20:04:29","slug":"bm-constata-crime-contra-a-flora-em-propriedade-de-santa-rosa","status":"publish","type":"post","link":"https:\/\/ativeagencia.com.br\/radiomais\/2024\/08\/21\/bm-constata-crime-contra-a-flora-em-propriedade-de-santa-rosa\/","title":{"rendered":"BM constata crime contra a flora em propriedade de Santa Rosa"},"content":{"rendered":"<p>Na ter\u00e7a-feira (20), uma equipe da Patrulha Ambiental (Patram) realizou levantamento ambiental no interior de Santa Rosa.<br \/>\nNa a\u00e7\u00e3o foi constatado em uma propriedade, in\u00fameras irregularidades:<br \/>\n\u2022 Desmatamento: supress\u00e3o de vegeta\u00e7\u00e3o nativa por descapoiramento do bioma Mata Atl\u00e2ntica, abrangendo aproximadamente 1.760 m\u00b2, em duas \u00e1reas distintas, ambas fora de APP \u2013 \u00c1rea de Preserva\u00e7\u00e3o Permanente, sem a licen\u00e7a do \u00f3rg\u00e3o competente.<br \/>\n\u2022 Drenagem de \u00e1rea \u00famida: abertura de uma vala com cerca de 130 metros de comprimento, usada para drenagem de uma \u00e1rea \u00famida com ind\u00edcios de banhado, o que contribui para a degrada\u00e7\u00e3o do ecossistema local.<br \/>\nUm Boletim de Ocorr\u00eancia Policial foi registrado, e as a\u00e7\u00f5es est\u00e3o sendo encaminhadas ao Minist\u00e9rio P\u00fablico Estadual e Funda\u00e7\u00e3o Estadual de Prote\u00e7\u00e3o Ambiental (FEPAM).<\/p>\n","protected":false},"excerpt":{"rendered":"<p>Na ter\u00e7a-feira (20), uma equipe da Patrulha Ambiental (Patram) realizou levantamento ambiental no interior de Santa Rosa. Na a\u00e7\u00e3o foi constatado em uma propriedade, in\u00fameras irregularidades: \u2022 Desmatamento: supress\u00e3o de vegeta\u00e7\u00e3o nativa por descapoiramento do bioma Mata Atl\u00e2ntica, abrangendo aproximadamente 1.760 m\u00b2, em duas \u00e1reas distintas, ambas fora de APP \u2013 \u00c1rea de Preserva\u00e7\u00e3o Permanente, [&hellip;]<\/p>\n","protected":false},"author":2,"featured_media":103757,"comment_status":"open","ping_status":"open","sticky":false,"template":"","format":"standard","meta":{"footnotes":""},"categories":[43],"tags":[],"class_list":["post-103756","post","type-post","status-publish","format-standard","has-post-thumbnail","hentry","category-policia"],"_links":{"self":[{"href":"https:\/\/ativeagencia.com.br\/radiomais\/wp-json\/wp\/v2\/posts\/103756","targetHints":{"allow":["GET"]}}],"collection":[{"href":"https:\/\/ativeagencia.com.br\/radiomais\/wp-json\/wp\/v2\/posts"}],"about":[{"href":"https:\/\/ativeagencia.com.br\/radiomais\/wp-json\/wp\/v2\/types\/post"}],"author":[{"embeddable":true,"href":"https:\/\/ativeagencia.com.br\/radiomais\/wp-json\/wp\/v2\/users\/2"}],"replies":[{"embeddable":true,"href":"https:\/\/ativeagencia.com.br\/radiomais\/wp-json\/wp\/v2\/comments?post=103756"}],"version-history":[{"count":2,"href":"https:\/\/ativeagencia.com.br\/radiomais\/wp-json\/wp\/v2\/posts\/103756\/revisions"}],"predecessor-version":[{"id":103759,"href":"https:\/\/ativeagencia.com.br\/radiomais\/wp-json\/wp\/v2\/posts\/103756\/revisions\/103759"}],"wp:featuredmedia":[{"embeddable":true,"href":"https:\/\/ativeagencia.com.br\/radiomais\/wp-json\/wp\/v2\/media\/103757"}],"wp:attachment":[{"href":"https:\/\/ativeagencia.com.br\/radiomais\/wp-json\/wp\/v2\/media?parent=103756"}],"wp:term":[{"taxonomy":"category","embeddable":true,"href":"https:\/\/ativeagencia.com.br\/radiomais\/wp-json\/wp\/v2\/categories?post=103756"},{"taxonomy":"post_tag","embeddable":true,"href":"https:\/\/ativeagencia.com.br\/radiomais\/wp-json\/wp\/v2\/tags?post=103756"}],"curies":[{"name":"wp","href":"https:\/\/api.w.org\/{rel}","templated":true}]}}