{"id":103763,"date":"2024-08-21T20:19:25","date_gmt":"2024-08-21T20:19:25","guid":{"rendered":"https:\/\/ativeagencia.com.br\/radiomais\/?p=103763"},"modified":"2024-08-21T20:19:25","modified_gmt":"2024-08-21T20:19:25","slug":"santo-cristo-inaugura-busto-em-homenagem-a-ex-prefeito-canisio-ost","status":"publish","type":"post","link":"https:\/\/ativeagencia.com.br\/radiomais\/2024\/08\/21\/santo-cristo-inaugura-busto-em-homenagem-a-ex-prefeito-canisio-ost\/","title":{"rendered":"Santo Cristo inaugura busto em homenagem a ex-prefeito Can\u00edsio Ost"},"content":{"rendered":"<p><img loading=\"lazy\" decoding=\"async\" class=\"size-medium wp-image-103765 alignright\" src=\"https:\/\/ativeagencia.com.br\/radiomais\/wp-content\/uploads\/2024\/08\/WhatsApp-Image-2024-08-21-at-10.14.48-2-1-300x300.jpeg\" alt=\"\" width=\"300\" height=\"300\" srcset=\"https:\/\/ativeagencia.com.br\/radiomais\/wp-content\/uploads\/2024\/08\/WhatsApp-Image-2024-08-21-at-10.14.48-2-1-300x300.jpeg 300w, https:\/\/ativeagencia.com.br\/radiomais\/wp-content\/uploads\/2024\/08\/WhatsApp-Image-2024-08-21-at-10.14.48-2-1-1024x1024.jpeg 1024w, https:\/\/ativeagencia.com.br\/radiomais\/wp-content\/uploads\/2024\/08\/WhatsApp-Image-2024-08-21-at-10.14.48-2-1-150x150.jpeg 150w, https:\/\/ativeagencia.com.br\/radiomais\/wp-content\/uploads\/2024\/08\/WhatsApp-Image-2024-08-21-at-10.14.48-2-1-768x768.jpeg 768w\" sizes=\"auto, (max-width: 300px) 100vw, 300px\" \/>Como forma de reconhecer sua hist\u00f3ria, marcada pelos cinco mandatos como prefeito da cidade, o munic\u00edpio de Santo Cristo inaugurou na \u00faltima sexta-feira (16) um busto em homenagem a Can\u00edsio Ost.<br \/>\nA solenidade contou com a presen\u00e7a de lideran\u00e7as e de familiares do ex-prefeito, que morreu em 2021, aos 79 anos. O busto est\u00e1 instalado em frente ao pr\u00e9dio da prefeitura municipal.<br \/>\nEm sua manifesta\u00e7\u00e3o, o atual prefeito, Adair Phillipsen, destacou a import\u00e2ncia de Can\u00edsio no desenvolvimento da cidade e informou que encaminhar\u00e1 \u00e0 C\u00e2mara de Vereadores, projeto de lei denominando de Can\u00edsio Ost o pr\u00e9dio da prefeitura.<br \/>\nFormado em t\u00e9cnico em contabilidade e em Ci\u00eancias Jur\u00eddicas e Sociais, Can\u00edsio foi eleito pela primeira vez em 1968, com 27 anos.<!--more--><\/p>\n","protected":false},"excerpt":{"rendered":"<p>Como forma de reconhecer sua hist\u00f3ria, marcada pelos cinco mandatos como prefeito da cidade, o munic\u00edpio de Santo Cristo inaugurou na \u00faltima sexta-feira (16) um busto em homenagem a Can\u00edsio Ost. A solenidade contou com a presen\u00e7a de lideran\u00e7as e de familiares do ex-prefeito, que morreu em 2021, aos 79 anos. O busto est\u00e1 instalado [&hellip;]<\/p>\n","protected":false},"author":2,"featured_media":103766,"comment_status":"open","ping_status":"open","sticky":false,"template":"","format":"standard","meta":{"footnotes":""},"categories":[50],"tags":[],"class_list":["post-103763","post","type-post","status-publish","format-standard","has-post-thumbnail","hentry","category-regiao"],"_links":{"self":[{"href":"https:\/\/ativeagencia.com.br\/radiomais\/wp-json\/wp\/v2\/posts\/103763","targetHints":{"allow":["GET"]}}],"collection":[{"href":"https:\/\/ativeagencia.com.br\/radiomais\/wp-json\/wp\/v2\/posts"}],"about":[{"href":"https:\/\/ativeagencia.com.br\/radiomais\/wp-json\/wp\/v2\/types\/post"}],"author":[{"embeddable":true,"href":"https:\/\/ativeagencia.com.br\/radiomais\/wp-json\/wp\/v2\/users\/2"}],"replies":[{"embeddable":true,"href":"https:\/\/ativeagencia.com.br\/radiomais\/wp-json\/wp\/v2\/comments?post=103763"}],"version-history":[{"count":2,"href":"https:\/\/ativeagencia.com.br\/radiomais\/wp-json\/wp\/v2\/posts\/103763\/revisions"}],"predecessor-version":[{"id":103768,"href":"https:\/\/ativeagencia.com.br\/radiomais\/wp-json\/wp\/v2\/posts\/103763\/revisions\/103768"}],"wp:featuredmedia":[{"embeddable":true,"href":"https:\/\/ativeagencia.com.br\/radiomais\/wp-json\/wp\/v2\/media\/103766"}],"wp:attachment":[{"href":"https:\/\/ativeagencia.com.br\/radiomais\/wp-json\/wp\/v2\/media?parent=103763"}],"wp:term":[{"taxonomy":"category","embeddable":true,"href":"https:\/\/ativeagencia.com.br\/radiomais\/wp-json\/wp\/v2\/categories?post=103763"},{"taxonomy":"post_tag","embeddable":true,"href":"https:\/\/ativeagencia.com.br\/radiomais\/wp-json\/wp\/v2\/tags?post=103763"}],"curies":[{"name":"wp","href":"https:\/\/api.w.org\/{rel}","templated":true}]}}