{"id":103773,"date":"2024-08-21T20:23:20","date_gmt":"2024-08-21T20:23:20","guid":{"rendered":"https:\/\/ativeagencia.com.br\/radiomais\/?p=103773"},"modified":"2024-08-21T20:30:35","modified_gmt":"2024-08-21T20:30:35","slug":"coopermil-promove-palestra-sobre-manejo-de-doencas-na-cultura-da-soja","status":"publish","type":"post","link":"https:\/\/ativeagencia.com.br\/radiomais\/2024\/08\/21\/coopermil-promove-palestra-sobre-manejo-de-doencas-na-cultura-da-soja\/","title":{"rendered":"Coopermil promove palestra sobre manejo de doen\u00e7as na cultura da soja"},"content":{"rendered":"<p>A Coopermil promove nesta sexta-feira (23) palestra que abordar\u00e1 o manejo de doen\u00e7as na cultura da soja. Ser\u00e1 no restaurante do parque de exposi\u00e7\u00f5es Alfredo Leandro Carlson de Santa Rosa, a partir das 19h30. O palestrante ser\u00e1 o pesquisador Lucas Navarini e os produtores interessados em participar do evento devem fazer sua inscri\u00e7\u00e3o junto \u00e0s unidades da cooperativa, j\u00e1 que as vagas s\u00e3o limitadas. O evento est\u00e1 inserido na programa\u00e7\u00e3o que marca os 69 anos de funda\u00e7\u00e3o da Coopermil.<\/p>\n","protected":false},"excerpt":{"rendered":"<p>A Coopermil promove nesta sexta-feira (23) palestra que abordar\u00e1 o manejo de doen\u00e7as na cultura da soja. Ser\u00e1 no restaurante do parque de exposi\u00e7\u00f5es Alfredo Leandro Carlson de Santa Rosa, a partir das 19h30. O palestrante ser\u00e1 o pesquisador Lucas Navarini e os produtores interessados em participar do evento devem fazer sua inscri\u00e7\u00e3o junto \u00e0s [&hellip;]<\/p>\n","protected":false},"author":2,"featured_media":103774,"comment_status":"open","ping_status":"open","sticky":false,"template":"","format":"standard","meta":{"footnotes":""},"categories":[29],"tags":[],"class_list":["post-103773","post","type-post","status-publish","format-standard","has-post-thumbnail","hentry","category-agro"],"_links":{"self":[{"href":"https:\/\/ativeagencia.com.br\/radiomais\/wp-json\/wp\/v2\/posts\/103773","targetHints":{"allow":["GET"]}}],"collection":[{"href":"https:\/\/ativeagencia.com.br\/radiomais\/wp-json\/wp\/v2\/posts"}],"about":[{"href":"https:\/\/ativeagencia.com.br\/radiomais\/wp-json\/wp\/v2\/types\/post"}],"author":[{"embeddable":true,"href":"https:\/\/ativeagencia.com.br\/radiomais\/wp-json\/wp\/v2\/users\/2"}],"replies":[{"embeddable":true,"href":"https:\/\/ativeagencia.com.br\/radiomais\/wp-json\/wp\/v2\/comments?post=103773"}],"version-history":[{"count":2,"href":"https:\/\/ativeagencia.com.br\/radiomais\/wp-json\/wp\/v2\/posts\/103773\/revisions"}],"predecessor-version":[{"id":103780,"href":"https:\/\/ativeagencia.com.br\/radiomais\/wp-json\/wp\/v2\/posts\/103773\/revisions\/103780"}],"wp:featuredmedia":[{"embeddable":true,"href":"https:\/\/ativeagencia.com.br\/radiomais\/wp-json\/wp\/v2\/media\/103774"}],"wp:attachment":[{"href":"https:\/\/ativeagencia.com.br\/radiomais\/wp-json\/wp\/v2\/media?parent=103773"}],"wp:term":[{"taxonomy":"category","embeddable":true,"href":"https:\/\/ativeagencia.com.br\/radiomais\/wp-json\/wp\/v2\/categories?post=103773"},{"taxonomy":"post_tag","embeddable":true,"href":"https:\/\/ativeagencia.com.br\/radiomais\/wp-json\/wp\/v2\/tags?post=103773"}],"curies":[{"name":"wp","href":"https:\/\/api.w.org\/{rel}","templated":true}]}}