{"id":103776,"date":"2024-08-21T20:28:34","date_gmt":"2024-08-21T20:28:34","guid":{"rendered":"https:\/\/ativeagencia.com.br\/radiomais\/?p=103776"},"modified":"2024-08-21T20:28:34","modified_gmt":"2024-08-21T20:28:34","slug":"fiesta-del-inmigrante-de-obera-sera-lancada-em-santa-rosa","status":"publish","type":"post","link":"https:\/\/ativeagencia.com.br\/radiomais\/2024\/08\/21\/fiesta-del-inmigrante-de-obera-sera-lancada-em-santa-rosa\/","title":{"rendered":"Fiesta del Inmigrante de Ober\u00e1 ser\u00e1 lan\u00e7ada em Santa Rosa"},"content":{"rendered":"<p>Ser\u00e1 lan\u00e7ada oficialmente em Santa Rosa na pr\u00f3xima segunda-feira (26), a 44\u00aa Fiesta Nacional del Inmigrante, de Ober\u00e1 (Argentina).<br \/>\nA cerim\u00f4nia acontece a partir das 10h no audit\u00f3rio do parque de exposi\u00e7\u00f5es Alfredo Leandro Carlson, quando representantes da comiss\u00e3o organizadora ser\u00e3o recepcionados pela Fenasoja 2024.<br \/>\nA cerim\u00f4nia \u00e9 promovida pela Fenasoja, atrav\u00e9s da Comiss\u00e3o de Rela\u00e7\u00f5es Internacionais.<br \/>\nA Fiesta del Inmigrante, criada em 1979, acontece de 5 a 15 de setembro, em Ober\u00e1-Missiones.<\/p>\n","protected":false},"excerpt":{"rendered":"<p>Ser\u00e1 lan\u00e7ada oficialmente em Santa Rosa na pr\u00f3xima segunda-feira (26), a 44\u00aa Fiesta Nacional del Inmigrante, de Ober\u00e1 (Argentina). A cerim\u00f4nia acontece a partir das 10h no audit\u00f3rio do parque de exposi\u00e7\u00f5es Alfredo Leandro Carlson, quando representantes da comiss\u00e3o organizadora ser\u00e3o recepcionados pela Fenasoja 2024. A cerim\u00f4nia \u00e9 promovida pela Fenasoja, atrav\u00e9s da Comiss\u00e3o de [&hellip;]<\/p>\n","protected":false},"author":2,"featured_media":103777,"comment_status":"open","ping_status":"open","sticky":false,"template":"","format":"standard","meta":{"footnotes":""},"categories":[13],"tags":[],"class_list":["post-103776","post","type-post","status-publish","format-standard","has-post-thumbnail","hentry","category-geral"],"_links":{"self":[{"href":"https:\/\/ativeagencia.com.br\/radiomais\/wp-json\/wp\/v2\/posts\/103776","targetHints":{"allow":["GET"]}}],"collection":[{"href":"https:\/\/ativeagencia.com.br\/radiomais\/wp-json\/wp\/v2\/posts"}],"about":[{"href":"https:\/\/ativeagencia.com.br\/radiomais\/wp-json\/wp\/v2\/types\/post"}],"author":[{"embeddable":true,"href":"https:\/\/ativeagencia.com.br\/radiomais\/wp-json\/wp\/v2\/users\/2"}],"replies":[{"embeddable":true,"href":"https:\/\/ativeagencia.com.br\/radiomais\/wp-json\/wp\/v2\/comments?post=103776"}],"version-history":[{"count":2,"href":"https:\/\/ativeagencia.com.br\/radiomais\/wp-json\/wp\/v2\/posts\/103776\/revisions"}],"predecessor-version":[{"id":103779,"href":"https:\/\/ativeagencia.com.br\/radiomais\/wp-json\/wp\/v2\/posts\/103776\/revisions\/103779"}],"wp:featuredmedia":[{"embeddable":true,"href":"https:\/\/ativeagencia.com.br\/radiomais\/wp-json\/wp\/v2\/media\/103777"}],"wp:attachment":[{"href":"https:\/\/ativeagencia.com.br\/radiomais\/wp-json\/wp\/v2\/media?parent=103776"}],"wp:term":[{"taxonomy":"category","embeddable":true,"href":"https:\/\/ativeagencia.com.br\/radiomais\/wp-json\/wp\/v2\/categories?post=103776"},{"taxonomy":"post_tag","embeddable":true,"href":"https:\/\/ativeagencia.com.br\/radiomais\/wp-json\/wp\/v2\/tags?post=103776"}],"curies":[{"name":"wp","href":"https:\/\/api.w.org\/{rel}","templated":true}]}}