{"id":103781,"date":"2024-08-22T17:53:53","date_gmt":"2024-08-22T17:53:53","guid":{"rendered":"https:\/\/ativeagencia.com.br\/radiomais\/?p=103781"},"modified":"2024-08-22T17:53:53","modified_gmt":"2024-08-22T17:53:53","slug":"populacao-do-brasil-comecara-a-encolher-em-2042-aponta-o-ibge","status":"publish","type":"post","link":"https:\/\/ativeagencia.com.br\/radiomais\/2024\/08\/22\/populacao-do-brasil-comecara-a-encolher-em-2042-aponta-o-ibge\/","title":{"rendered":"Popula\u00e7\u00e3o do Brasil come\u00e7ar\u00e1 a encolher em 2042, aponta o IBGE"},"content":{"rendered":"<p>Proje\u00e7\u00f5es divulgadas pelo Instituto Brasileiro de Geografia e Estat\u00edstica (IBGE) nesta quinta-feira (22), apontam que a popula\u00e7\u00e3o do Brasil come\u00e7ar\u00e1 a encolher no ano de 2042.<\/p>\n<p>Conforme as estimativas, o Pa\u00eds passar\u00e1 dos atuais 203 milh\u00f5es para 220 milh\u00f5es de habitantes em 2041 e, a partir do ano seguinte, a popula\u00e7\u00e3o come\u00e7ar\u00e1 a diminuir at\u00e9 chegar a 199,2 milh\u00f5es em 2070.<\/p>\n<p>A previs\u00e3o foi adiantada em seis anos em rela\u00e7\u00e3o \u00e0 \u00faltima proje\u00e7\u00e3o, feita em 2018. Naquela \u00e9poca, acreditava-se que o n\u00famero de habitantes do Brasil come\u00e7aria a encolher em 2048.<\/p>\n<p>A antecipa\u00e7\u00e3o ocorreu porque a proje\u00e7\u00e3o anterior foi feita com base nos dados do Censo de 2010, que havia sido realizado oito anos antes. Agora, o IBGE usou os dados do Censo de 2022 \u2013 que, entre outras coisas, mostrou que o Pa\u00eds tinha uma popula\u00e7\u00e3o menor do que a estimada pelo instituto.<\/p>\n<p>Para projetar a varia\u00e7\u00e3o populacional, s\u00e3o levados em contas indicadores como taxa de fecundidade (n\u00famero de filhos por mulher), a expectativa de vida e a migra\u00e7\u00e3o.<\/p>\n<p>As proje\u00e7\u00f5es tamb\u00e9m indicam que os brasileiros devem viver cada vez mais, saindo de 72,1 anos no caso dos homens e 78,8 anos no das mulheres para 81,7 anos e 86,1 anos em 2070, respectivamente.<\/p>\n","protected":false},"excerpt":{"rendered":"<p>Proje\u00e7\u00f5es divulgadas pelo Instituto Brasileiro de Geografia e Estat\u00edstica (IBGE) nesta quinta-feira (22), apontam que a popula\u00e7\u00e3o do Brasil come\u00e7ar\u00e1 a encolher no ano de 2042. Conforme as estimativas, o Pa\u00eds passar\u00e1 dos atuais 203 milh\u00f5es para 220 milh\u00f5es de habitantes em 2041 e, a partir do ano seguinte, a popula\u00e7\u00e3o come\u00e7ar\u00e1 a diminuir at\u00e9 [&hellip;]<\/p>\n","protected":false},"author":2,"featured_media":103783,"comment_status":"open","ping_status":"open","sticky":false,"template":"","format":"standard","meta":{"footnotes":""},"categories":[13],"tags":[],"class_list":["post-103781","post","type-post","status-publish","format-standard","has-post-thumbnail","hentry","category-geral"],"_links":{"self":[{"href":"https:\/\/ativeagencia.com.br\/radiomais\/wp-json\/wp\/v2\/posts\/103781","targetHints":{"allow":["GET"]}}],"collection":[{"href":"https:\/\/ativeagencia.com.br\/radiomais\/wp-json\/wp\/v2\/posts"}],"about":[{"href":"https:\/\/ativeagencia.com.br\/radiomais\/wp-json\/wp\/v2\/types\/post"}],"author":[{"embeddable":true,"href":"https:\/\/ativeagencia.com.br\/radiomais\/wp-json\/wp\/v2\/users\/2"}],"replies":[{"embeddable":true,"href":"https:\/\/ativeagencia.com.br\/radiomais\/wp-json\/wp\/v2\/comments?post=103781"}],"version-history":[{"count":1,"href":"https:\/\/ativeagencia.com.br\/radiomais\/wp-json\/wp\/v2\/posts\/103781\/revisions"}],"predecessor-version":[{"id":103784,"href":"https:\/\/ativeagencia.com.br\/radiomais\/wp-json\/wp\/v2\/posts\/103781\/revisions\/103784"}],"wp:featuredmedia":[{"embeddable":true,"href":"https:\/\/ativeagencia.com.br\/radiomais\/wp-json\/wp\/v2\/media\/103783"}],"wp:attachment":[{"href":"https:\/\/ativeagencia.com.br\/radiomais\/wp-json\/wp\/v2\/media?parent=103781"}],"wp:term":[{"taxonomy":"category","embeddable":true,"href":"https:\/\/ativeagencia.com.br\/radiomais\/wp-json\/wp\/v2\/categories?post=103781"},{"taxonomy":"post_tag","embeddable":true,"href":"https:\/\/ativeagencia.com.br\/radiomais\/wp-json\/wp\/v2\/tags?post=103781"}],"curies":[{"name":"wp","href":"https:\/\/api.w.org\/{rel}","templated":true}]}}