{"id":103785,"date":"2024-08-22T17:55:44","date_gmt":"2024-08-22T17:55:44","guid":{"rendered":"https:\/\/ativeagencia.com.br\/radiomais\/?p=103785"},"modified":"2024-09-03T17:56:00","modified_gmt":"2024-09-03T17:56:00","slug":"dois-homens-sao-presos-em-tentativa-de-assalto-a-relojoaria-em-tres-de-maio","status":"publish","type":"post","link":"https:\/\/ativeagencia.com.br\/radiomais\/2024\/08\/22\/dois-homens-sao-presos-em-tentativa-de-assalto-a-relojoaria-em-tres-de-maio\/","title":{"rendered":"Dois homens s\u00e3o presos em tentativa de assalto a relojoaria em Tr\u00eas de Maio"},"content":{"rendered":"<p>Dois homens foram presos na manh\u00e3 desta quinta-feira (23) em tentativa de assalto a uma relojoaria no centro de Tr\u00eas de Maio. Um deles foi ferido com um tiro disparado pelo propriet\u00e1rio da loja.<\/p>\n<p>A partir de informa\u00e7\u00f5es do setor de intelig\u00eancia a Brigada Militar e Pol\u00edcia Civil monitoravam os suspeitos desde a tarde desta quarta-feira (22).<\/p>\n<p>Nesta manh\u00e3, quando os assaltantes chegaram na loja, a pol\u00edcia estava a postos e acabou prendendo os indiv\u00edduos.<\/p>\n","protected":false},"excerpt":{"rendered":"<p>Dois homens foram presos na manh\u00e3 desta quinta-feira (23) em tentativa de assalto a uma relojoaria no centro de Tr\u00eas de Maio. Um deles foi ferido com um tiro disparado pelo propriet\u00e1rio da loja. A partir de informa\u00e7\u00f5es do setor de intelig\u00eancia a Brigada Militar e Pol\u00edcia Civil monitoravam os suspeitos desde a tarde desta [&hellip;]<\/p>\n","protected":false},"author":2,"featured_media":103787,"comment_status":"open","ping_status":"open","sticky":false,"template":"","format":"standard","meta":{"footnotes":""},"categories":[16,43],"tags":[],"class_list":["post-103785","post","type-post","status-publish","format-standard","has-post-thumbnail","hentry","category-destaque","category-policia"],"_links":{"self":[{"href":"https:\/\/ativeagencia.com.br\/radiomais\/wp-json\/wp\/v2\/posts\/103785","targetHints":{"allow":["GET"]}}],"collection":[{"href":"https:\/\/ativeagencia.com.br\/radiomais\/wp-json\/wp\/v2\/posts"}],"about":[{"href":"https:\/\/ativeagencia.com.br\/radiomais\/wp-json\/wp\/v2\/types\/post"}],"author":[{"embeddable":true,"href":"https:\/\/ativeagencia.com.br\/radiomais\/wp-json\/wp\/v2\/users\/2"}],"replies":[{"embeddable":true,"href":"https:\/\/ativeagencia.com.br\/radiomais\/wp-json\/wp\/v2\/comments?post=103785"}],"version-history":[{"count":1,"href":"https:\/\/ativeagencia.com.br\/radiomais\/wp-json\/wp\/v2\/posts\/103785\/revisions"}],"predecessor-version":[{"id":103786,"href":"https:\/\/ativeagencia.com.br\/radiomais\/wp-json\/wp\/v2\/posts\/103785\/revisions\/103786"}],"wp:featuredmedia":[{"embeddable":true,"href":"https:\/\/ativeagencia.com.br\/radiomais\/wp-json\/wp\/v2\/media\/103787"}],"wp:attachment":[{"href":"https:\/\/ativeagencia.com.br\/radiomais\/wp-json\/wp\/v2\/media?parent=103785"}],"wp:term":[{"taxonomy":"category","embeddable":true,"href":"https:\/\/ativeagencia.com.br\/radiomais\/wp-json\/wp\/v2\/categories?post=103785"},{"taxonomy":"post_tag","embeddable":true,"href":"https:\/\/ativeagencia.com.br\/radiomais\/wp-json\/wp\/v2\/tags?post=103785"}],"curies":[{"name":"wp","href":"https:\/\/api.w.org\/{rel}","templated":true}]}}