{"id":103788,"date":"2024-08-22T17:59:55","date_gmt":"2024-08-22T17:59:55","guid":{"rendered":"https:\/\/ativeagencia.com.br\/radiomais\/?p=103788"},"modified":"2024-08-22T17:59:55","modified_gmt":"2024-08-22T17:59:55","slug":"acisa-de-santo-cristo-promove-mais-uma-edicao-do-case-de-sucesso","status":"publish","type":"post","link":"https:\/\/ativeagencia.com.br\/radiomais\/2024\/08\/22\/acisa-de-santo-cristo-promove-mais-uma-edicao-do-case-de-sucesso\/","title":{"rendered":"ACISA de Santo Cristo promove mais uma edi\u00e7\u00e3o do \u201cCase de Sucesso\u201d"},"content":{"rendered":"<p>O empres\u00e1rio Jadir Theisen \u00e9 o convidado da segunda edi\u00e7\u00e3o de 2024 do \u201cCase de Sucesso\u201d, promovido pela Associa\u00e7\u00e3o Comercial, Industrial, Servi\u00e7os e Agroneg\u00f3cio (ACISA) de Santo Cristo.<\/p>\n<p>O evento acontece no dia 31 de agosto no Clube Serrano. Cart\u00f5es podem ser adquiridos na secretaria da Associa\u00e7\u00e3o.<\/p>\n<p>Theisen falar\u00e1 sobre \u201cOs desafios do empreendedorismo em evolu\u00e7\u00e3o\u201d.<\/p>\n<p>\u201cCase de Sucesso\u201d \u00e9 uma iniciativa da ACISA que visa compartilhar com o p\u00fablico interessado hist\u00f3rias e experi\u00eancias de empreendedores.<\/p>\n","protected":false},"excerpt":{"rendered":"<p>O empres\u00e1rio Jadir Theisen \u00e9 o convidado da segunda edi\u00e7\u00e3o de 2024 do \u201cCase de Sucesso\u201d, promovido pela Associa\u00e7\u00e3o Comercial, Industrial, Servi\u00e7os e Agroneg\u00f3cio (ACISA) de Santo Cristo. O evento acontece no dia 31 de agosto no Clube Serrano. Cart\u00f5es podem ser adquiridos na secretaria da Associa\u00e7\u00e3o. Theisen falar\u00e1 sobre \u201cOs desafios do empreendedorismo em [&hellip;]<\/p>\n","protected":false},"author":2,"featured_media":103789,"comment_status":"open","ping_status":"open","sticky":false,"template":"","format":"standard","meta":{"footnotes":""},"categories":[50],"tags":[],"class_list":["post-103788","post","type-post","status-publish","format-standard","has-post-thumbnail","hentry","category-regiao"],"_links":{"self":[{"href":"https:\/\/ativeagencia.com.br\/radiomais\/wp-json\/wp\/v2\/posts\/103788","targetHints":{"allow":["GET"]}}],"collection":[{"href":"https:\/\/ativeagencia.com.br\/radiomais\/wp-json\/wp\/v2\/posts"}],"about":[{"href":"https:\/\/ativeagencia.com.br\/radiomais\/wp-json\/wp\/v2\/types\/post"}],"author":[{"embeddable":true,"href":"https:\/\/ativeagencia.com.br\/radiomais\/wp-json\/wp\/v2\/users\/2"}],"replies":[{"embeddable":true,"href":"https:\/\/ativeagencia.com.br\/radiomais\/wp-json\/wp\/v2\/comments?post=103788"}],"version-history":[{"count":2,"href":"https:\/\/ativeagencia.com.br\/radiomais\/wp-json\/wp\/v2\/posts\/103788\/revisions"}],"predecessor-version":[{"id":103801,"href":"https:\/\/ativeagencia.com.br\/radiomais\/wp-json\/wp\/v2\/posts\/103788\/revisions\/103801"}],"wp:featuredmedia":[{"embeddable":true,"href":"https:\/\/ativeagencia.com.br\/radiomais\/wp-json\/wp\/v2\/media\/103789"}],"wp:attachment":[{"href":"https:\/\/ativeagencia.com.br\/radiomais\/wp-json\/wp\/v2\/media?parent=103788"}],"wp:term":[{"taxonomy":"category","embeddable":true,"href":"https:\/\/ativeagencia.com.br\/radiomais\/wp-json\/wp\/v2\/categories?post=103788"},{"taxonomy":"post_tag","embeddable":true,"href":"https:\/\/ativeagencia.com.br\/radiomais\/wp-json\/wp\/v2\/tags?post=103788"}],"curies":[{"name":"wp","href":"https:\/\/api.w.org\/{rel}","templated":true}]}}