{"id":103791,"date":"2024-08-22T18:02:33","date_gmt":"2024-08-22T18:02:33","guid":{"rendered":"https:\/\/ativeagencia.com.br\/radiomais\/?p=103791"},"modified":"2024-08-22T18:05:48","modified_gmt":"2024-08-22T18:05:48","slug":"encontro-de-negocios-em-santa-rosa-pretende-impulsionar-empreendedores","status":"publish","type":"post","link":"https:\/\/ativeagencia.com.br\/radiomais\/2024\/08\/22\/encontro-de-negocios-em-santa-rosa-pretende-impulsionar-empreendedores\/","title":{"rendered":"Encontro de neg\u00f3cios pretende impulsionar empreendedores"},"content":{"rendered":"<p>Com o objetivo de fortalecer os neg\u00f3cios e promover a retomada econ\u00f4mica na regi\u00e3o Noroeste do Rio Grande do Sul, o Sebrae realizar\u00e1, em parceria com o Sicredi, no dia 4 de setembro em Santa Rosa, o Encontro de Neg\u00f3cios MOVE+ Noroeste.<\/p>\n<p>O evento, que acontecer\u00e1 das 14h \u00e0s 18h na sede do Sicredi, oferecer\u00e1 oportunidade estrat\u00e9gica para empres\u00e1rios e profissionais dos setores de alimenta\u00e7\u00e3o, bebidas e turismo fortalecerem suas redes de contatos e expandirem seus neg\u00f3cios.<\/p>\n<p>O programa \u2018Agentes de Mercado Move+\u2019, do Sebrae\/RS, j\u00e1 organizou a participa\u00e7\u00e3o de mais de 20 empresas fornecedoras da regi\u00e3o, conhecidas pela qualidade e autenticidade de seus produtos. Entre as ofertas dispon\u00edveis, estar\u00e3o p\u00e3es, massas, geleias, chopp artesanal, sucos integrais, especiarias, biscoitos, queijos e uma variedade de produtos naturais. Al\u00e9m dos alimentos e bebidas, o evento tamb\u00e9m contar\u00e1 com empresas que oferecem experi\u00eancias gastron\u00f4micas, tur\u00edsticas e de servi\u00e7os especializados para eventos corporativos e sociais.<\/p>\n","protected":false},"excerpt":{"rendered":"<p>Com o objetivo de fortalecer os neg\u00f3cios e promover a retomada econ\u00f4mica na regi\u00e3o Noroeste do Rio Grande do Sul, o Sebrae realizar\u00e1, em parceria com o Sicredi, no dia 4 de setembro em Santa Rosa, o Encontro de Neg\u00f3cios MOVE+ Noroeste. O evento, que acontecer\u00e1 das 14h \u00e0s 18h na sede do Sicredi, oferecer\u00e1 [&hellip;]<\/p>\n","protected":false},"author":2,"featured_media":103792,"comment_status":"open","ping_status":"open","sticky":false,"template":"","format":"standard","meta":{"footnotes":""},"categories":[13],"tags":[],"class_list":["post-103791","post","type-post","status-publish","format-standard","has-post-thumbnail","hentry","category-geral"],"_links":{"self":[{"href":"https:\/\/ativeagencia.com.br\/radiomais\/wp-json\/wp\/v2\/posts\/103791","targetHints":{"allow":["GET"]}}],"collection":[{"href":"https:\/\/ativeagencia.com.br\/radiomais\/wp-json\/wp\/v2\/posts"}],"about":[{"href":"https:\/\/ativeagencia.com.br\/radiomais\/wp-json\/wp\/v2\/types\/post"}],"author":[{"embeddable":true,"href":"https:\/\/ativeagencia.com.br\/radiomais\/wp-json\/wp\/v2\/users\/2"}],"replies":[{"embeddable":true,"href":"https:\/\/ativeagencia.com.br\/radiomais\/wp-json\/wp\/v2\/comments?post=103791"}],"version-history":[{"count":2,"href":"https:\/\/ativeagencia.com.br\/radiomais\/wp-json\/wp\/v2\/posts\/103791\/revisions"}],"predecessor-version":[{"id":103795,"href":"https:\/\/ativeagencia.com.br\/radiomais\/wp-json\/wp\/v2\/posts\/103791\/revisions\/103795"}],"wp:featuredmedia":[{"embeddable":true,"href":"https:\/\/ativeagencia.com.br\/radiomais\/wp-json\/wp\/v2\/media\/103792"}],"wp:attachment":[{"href":"https:\/\/ativeagencia.com.br\/radiomais\/wp-json\/wp\/v2\/media?parent=103791"}],"wp:term":[{"taxonomy":"category","embeddable":true,"href":"https:\/\/ativeagencia.com.br\/radiomais\/wp-json\/wp\/v2\/categories?post=103791"},{"taxonomy":"post_tag","embeddable":true,"href":"https:\/\/ativeagencia.com.br\/radiomais\/wp-json\/wp\/v2\/tags?post=103791"}],"curies":[{"name":"wp","href":"https:\/\/api.w.org\/{rel}","templated":true}]}}