{"id":103802,"date":"2024-08-27T16:40:34","date_gmt":"2024-08-27T16:40:34","guid":{"rendered":"https:\/\/ativeagencia.com.br\/radiomais\/?p=103802"},"modified":"2024-08-27T16:40:34","modified_gmt":"2024-08-27T16:40:34","slug":"campanha-incentiva-adocao-de-animais-resgatado-das-enchentes","status":"publish","type":"post","link":"https:\/\/ativeagencia.com.br\/radiomais\/2024\/08\/27\/campanha-incentiva-adocao-de-animais-resgatado-das-enchentes\/","title":{"rendered":"Campanha incentiva ado\u00e7\u00e3o de animais resgatado das enchentes"},"content":{"rendered":"<p>O Rio Grande do Sul tem 3,5 mil animais resgatados das enchentes que atingiram o estado no m\u00eas de maio. Eles est\u00e3o em 45 abrigos. Nesta segunda-feira (26), o governo do estado anunciou um programa para a ado\u00e7\u00e3o desses animais.<br \/>\nEntre as a\u00e7\u00f5es est\u00e1 a campanha &#8216;Adote um bichinho da enchente&#8217;, que ser\u00e1 veiculada at\u00e9 o dia 27 de setembro.<br \/>\nA orienta\u00e7\u00e3o para quem deseja adotar \u00e9:<br \/>\n&#8211; Para quem mora no Rio Grande do Sul, escolher o animal e se dirigir at\u00e9 o abrigo para busc\u00e1-lo.<br \/>\n&#8211; Para quem reside em Santa Catarina, Paran\u00e1 e S\u00e3o Paulo, o governo faz o transporte por via terrestre.<br \/>\nEm Porto Alegre, s\u00e3o 1,4 mil animais resgatados em 20 abrigos. Canoas tem outros 1,2 mil animais em sete locais.<br \/>\nO governo tamb\u00e9m anunciou a implementa\u00e7\u00e3o de um programa emergencial de apoio aos c\u00e3es e gatos que est\u00e3o em abrigos e a contrata\u00e7\u00e3o de consultoria especializada para o desenvolvimento de pol\u00edticas p\u00fablicas em prol dos animais.<br \/>\nSer\u00e3o R$ 7,2 milh\u00f5es destinados aos 95 munic\u00edpios em situa\u00e7\u00e3o de calamidade por conta das cheias que atingiram o RS. Do total, R$ 5,6 milh\u00f5es ir\u00e3o para um aux\u00edlio mensal para as prefeituras no valor de R$ 188,85 por animal abrigado ou acolhido \u2014 para alimenta\u00e7\u00e3o, cuidados veterin\u00e1rios e insumos.<br \/>\nA outra parte, R$ 1,6 milh\u00e3o, ser\u00e1 para controle populacional de animais, com servi\u00e7os como esteriliza\u00e7\u00e3o e microchipagem.<\/p>\n","protected":false},"excerpt":{"rendered":"<p>O Rio Grande do Sul tem 3,5 mil animais resgatados das enchentes que atingiram o estado no m\u00eas de maio. Eles est\u00e3o em 45 abrigos. Nesta segunda-feira (26), o governo do estado anunciou um programa para a ado\u00e7\u00e3o desses animais. Entre as a\u00e7\u00f5es est\u00e1 a campanha &#8216;Adote um bichinho da enchente&#8217;, que ser\u00e1 veiculada at\u00e9 [&hellip;]<\/p>\n","protected":false},"author":2,"featured_media":103804,"comment_status":"open","ping_status":"open","sticky":false,"template":"","format":"standard","meta":{"footnotes":""},"categories":[13],"tags":[],"class_list":["post-103802","post","type-post","status-publish","format-standard","has-post-thumbnail","hentry","category-geral"],"_links":{"self":[{"href":"https:\/\/ativeagencia.com.br\/radiomais\/wp-json\/wp\/v2\/posts\/103802","targetHints":{"allow":["GET"]}}],"collection":[{"href":"https:\/\/ativeagencia.com.br\/radiomais\/wp-json\/wp\/v2\/posts"}],"about":[{"href":"https:\/\/ativeagencia.com.br\/radiomais\/wp-json\/wp\/v2\/types\/post"}],"author":[{"embeddable":true,"href":"https:\/\/ativeagencia.com.br\/radiomais\/wp-json\/wp\/v2\/users\/2"}],"replies":[{"embeddable":true,"href":"https:\/\/ativeagencia.com.br\/radiomais\/wp-json\/wp\/v2\/comments?post=103802"}],"version-history":[{"count":2,"href":"https:\/\/ativeagencia.com.br\/radiomais\/wp-json\/wp\/v2\/posts\/103802\/revisions"}],"predecessor-version":[{"id":103806,"href":"https:\/\/ativeagencia.com.br\/radiomais\/wp-json\/wp\/v2\/posts\/103802\/revisions\/103806"}],"wp:featuredmedia":[{"embeddable":true,"href":"https:\/\/ativeagencia.com.br\/radiomais\/wp-json\/wp\/v2\/media\/103804"}],"wp:attachment":[{"href":"https:\/\/ativeagencia.com.br\/radiomais\/wp-json\/wp\/v2\/media?parent=103802"}],"wp:term":[{"taxonomy":"category","embeddable":true,"href":"https:\/\/ativeagencia.com.br\/radiomais\/wp-json\/wp\/v2\/categories?post=103802"},{"taxonomy":"post_tag","embeddable":true,"href":"https:\/\/ativeagencia.com.br\/radiomais\/wp-json\/wp\/v2\/tags?post=103802"}],"curies":[{"name":"wp","href":"https:\/\/api.w.org\/{rel}","templated":true}]}}