{"id":103807,"date":"2024-08-27T16:43:00","date_gmt":"2024-08-27T16:43:00","guid":{"rendered":"https:\/\/ativeagencia.com.br\/radiomais\/?p=103807"},"modified":"2024-08-27T16:43:00","modified_gmt":"2024-08-27T16:43:00","slug":"santa-rosenses-sao-convocados-para-o-brasileiro-de-atletismo","status":"publish","type":"post","link":"https:\/\/ativeagencia.com.br\/radiomais\/2024\/08\/27\/santa-rosenses-sao-convocados-para-o-brasileiro-de-atletismo\/","title":{"rendered":"Santa-rosenses s\u00e3o convocados para o Brasileiro de Atletismo"},"content":{"rendered":"<p>Os atletas Pietro Gabriel de Lima da Silva, Emanueli Hein e Lara Pietra foram convocados pelo crit\u00e9rio do ranking brasileiro para o Campeonato Brasileiro Sub 16 de Atletismo, que acontece na cidade de Natal, capital do Rio Grande do Norte.<br \/>\nNo final de semana eles competiram da etapa estadual, ocorrida no s\u00e1bado (24) na Sogipa, de Porto Alegre.<br \/>\nEmanueli conquistou o t\u00edtulo de Campe\u00e3 Estadual em duas provas: 1.000m e 1.000m com obst\u00e1culo, com recorde estadual. Ela \u00e9 estudante da Escola Municipal Francisco Xavier Giordani, do Bairro Planalto.<br \/>\nJ\u00e1 Pietro, estudante da Escola Municipal Paul Harris, bateu o recorde estadual conquistando o t\u00edtulo de campe\u00e3o ga\u00facho na prova dos 1.000m com obst\u00e1culos e vice-campe\u00e3o nos 1.000m rasos.<\/p>\n","protected":false},"excerpt":{"rendered":"<p>Os atletas Pietro Gabriel de Lima da Silva, Emanueli Hein e Lara Pietra foram convocados pelo crit\u00e9rio do ranking brasileiro para o Campeonato Brasileiro Sub 16 de Atletismo, que acontece na cidade de Natal, capital do Rio Grande do Norte. No final de semana eles competiram da etapa estadual, ocorrida no s\u00e1bado (24) na Sogipa, [&hellip;]<\/p>\n","protected":false},"author":2,"featured_media":103808,"comment_status":"open","ping_status":"open","sticky":false,"template":"","format":"standard","meta":{"footnotes":""},"categories":[31],"tags":[],"class_list":["post-103807","post","type-post","status-publish","format-standard","has-post-thumbnail","hentry","category-esportes"],"_links":{"self":[{"href":"https:\/\/ativeagencia.com.br\/radiomais\/wp-json\/wp\/v2\/posts\/103807","targetHints":{"allow":["GET"]}}],"collection":[{"href":"https:\/\/ativeagencia.com.br\/radiomais\/wp-json\/wp\/v2\/posts"}],"about":[{"href":"https:\/\/ativeagencia.com.br\/radiomais\/wp-json\/wp\/v2\/types\/post"}],"author":[{"embeddable":true,"href":"https:\/\/ativeagencia.com.br\/radiomais\/wp-json\/wp\/v2\/users\/2"}],"replies":[{"embeddable":true,"href":"https:\/\/ativeagencia.com.br\/radiomais\/wp-json\/wp\/v2\/comments?post=103807"}],"version-history":[{"count":2,"href":"https:\/\/ativeagencia.com.br\/radiomais\/wp-json\/wp\/v2\/posts\/103807\/revisions"}],"predecessor-version":[{"id":103810,"href":"https:\/\/ativeagencia.com.br\/radiomais\/wp-json\/wp\/v2\/posts\/103807\/revisions\/103810"}],"wp:featuredmedia":[{"embeddable":true,"href":"https:\/\/ativeagencia.com.br\/radiomais\/wp-json\/wp\/v2\/media\/103808"}],"wp:attachment":[{"href":"https:\/\/ativeagencia.com.br\/radiomais\/wp-json\/wp\/v2\/media?parent=103807"}],"wp:term":[{"taxonomy":"category","embeddable":true,"href":"https:\/\/ativeagencia.com.br\/radiomais\/wp-json\/wp\/v2\/categories?post=103807"},{"taxonomy":"post_tag","embeddable":true,"href":"https:\/\/ativeagencia.com.br\/radiomais\/wp-json\/wp\/v2\/tags?post=103807"}],"curies":[{"name":"wp","href":"https:\/\/api.w.org\/{rel}","templated":true}]}}