{"id":103846,"date":"2024-08-28T19:52:54","date_gmt":"2024-08-28T19:52:54","guid":{"rendered":"https:\/\/ativeagencia.com.br\/radiomais\/?p=103846"},"modified":"2024-08-28T19:52:54","modified_gmt":"2024-08-28T19:52:54","slug":"bombeiros-socorrem-bebe-que-se-afogou-com-leite-materno","status":"publish","type":"post","link":"https:\/\/ativeagencia.com.br\/radiomais\/2024\/08\/28\/bombeiros-socorrem-bebe-que-se-afogou-com-leite-materno\/","title":{"rendered":"Bombeiros socorrem beb\u00ea que se afogou com leite materno"},"content":{"rendered":"<p>Os bombeiros de Santa Rosa foram acionados na tarde desta ter\u00e7a-feira para atender uma ocorr\u00eancia na Rua Padre R\u00e9us \u2013 no Bairro Planalto.<br \/>\nA m\u00e3e estava desesperada pois seu filho, um beb\u00ea de quatro meses, havia se afogado enquanto era amamentado por ela. Os bombeiros realizaram os procedimentos e o beb\u00ea foi salvo, para o al\u00edvio da fam\u00edlia.<\/p>\n","protected":false},"excerpt":{"rendered":"<p>Os bombeiros de Santa Rosa foram acionados na tarde desta ter\u00e7a-feira para atender uma ocorr\u00eancia na Rua Padre R\u00e9us \u2013 no Bairro Planalto. A m\u00e3e estava desesperada pois seu filho, um beb\u00ea de quatro meses, havia se afogado enquanto era amamentado por ela. Os bombeiros realizaram os procedimentos e o beb\u00ea foi salvo, para o [&hellip;]<\/p>\n","protected":false},"author":2,"featured_media":103847,"comment_status":"open","ping_status":"open","sticky":false,"template":"","format":"standard","meta":{"footnotes":""},"categories":[43],"tags":[],"class_list":["post-103846","post","type-post","status-publish","format-standard","has-post-thumbnail","hentry","category-policia"],"_links":{"self":[{"href":"https:\/\/ativeagencia.com.br\/radiomais\/wp-json\/wp\/v2\/posts\/103846","targetHints":{"allow":["GET"]}}],"collection":[{"href":"https:\/\/ativeagencia.com.br\/radiomais\/wp-json\/wp\/v2\/posts"}],"about":[{"href":"https:\/\/ativeagencia.com.br\/radiomais\/wp-json\/wp\/v2\/types\/post"}],"author":[{"embeddable":true,"href":"https:\/\/ativeagencia.com.br\/radiomais\/wp-json\/wp\/v2\/users\/2"}],"replies":[{"embeddable":true,"href":"https:\/\/ativeagencia.com.br\/radiomais\/wp-json\/wp\/v2\/comments?post=103846"}],"version-history":[{"count":1,"href":"https:\/\/ativeagencia.com.br\/radiomais\/wp-json\/wp\/v2\/posts\/103846\/revisions"}],"predecessor-version":[{"id":103848,"href":"https:\/\/ativeagencia.com.br\/radiomais\/wp-json\/wp\/v2\/posts\/103846\/revisions\/103848"}],"wp:featuredmedia":[{"embeddable":true,"href":"https:\/\/ativeagencia.com.br\/radiomais\/wp-json\/wp\/v2\/media\/103847"}],"wp:attachment":[{"href":"https:\/\/ativeagencia.com.br\/radiomais\/wp-json\/wp\/v2\/media?parent=103846"}],"wp:term":[{"taxonomy":"category","embeddable":true,"href":"https:\/\/ativeagencia.com.br\/radiomais\/wp-json\/wp\/v2\/categories?post=103846"},{"taxonomy":"post_tag","embeddable":true,"href":"https:\/\/ativeagencia.com.br\/radiomais\/wp-json\/wp\/v2\/tags?post=103846"}],"curies":[{"name":"wp","href":"https:\/\/api.w.org\/{rel}","templated":true}]}}