{"id":103849,"date":"2024-08-28T19:58:38","date_gmt":"2024-08-28T19:58:38","guid":{"rendered":"https:\/\/ativeagencia.com.br\/radiomais\/?p=103849"},"modified":"2024-08-28T19:58:38","modified_gmt":"2024-08-28T19:58:38","slug":"fenasoja-se-reune-para-analisar-projetos-em-andamento","status":"publish","type":"post","link":"https:\/\/ativeagencia.com.br\/radiomais\/2024\/08\/28\/fenasoja-se-reune-para-analisar-projetos-em-andamento\/","title":{"rendered":"Fenasoja se re\u00fane para analisar projetos em andamento"},"content":{"rendered":"<p>O presidente da Fenasoja 2024, D\u00e1rio Germano, coordenou reuni\u00e3o com os membros das comiss\u00f5es, quando foram tratadas quest\u00f5es relacionadas \u00e0 edi\u00e7\u00e3o, que acontece de 29 de novembro a 08 de dezembro, no Parque de Exposi\u00e7\u00f5es Alfredo Leandro Carlson.<br \/>\nO encontro ocorreu na noite desta ter\u00e7a-feira (27). D\u00e1rio salientou os projetos que est\u00e3o em execu\u00e7\u00e3o, entre eles a prepara\u00e7\u00e3o das \u00e1reas e pavilh\u00f5es para receber as empresas de montagem das estruturas. Outro ponto abordado, foi a comemora\u00e7\u00e3o dos 100 anos do plantio da soja no Brasil, que acontecer\u00e1 durante a feira.<br \/>\nNa reuni\u00e3o, cada integrante de comiss\u00e3o falou sobre a execu\u00e7\u00e3o de seus projetos.<br \/>\nForam ressaltadas ainda as agendas de participa\u00e7\u00e3o em eventos regionais, como a realiza\u00e7\u00e3o da Ficat e a Fiesta Del Inmigrante.<\/p>\n","protected":false},"excerpt":{"rendered":"<p>O presidente da Fenasoja 2024, D\u00e1rio Germano, coordenou reuni\u00e3o com os membros das comiss\u00f5es, quando foram tratadas quest\u00f5es relacionadas \u00e0 edi\u00e7\u00e3o, que acontece de 29 de novembro a 08 de dezembro, no Parque de Exposi\u00e7\u00f5es Alfredo Leandro Carlson. O encontro ocorreu na noite desta ter\u00e7a-feira (27). D\u00e1rio salientou os projetos que est\u00e3o em execu\u00e7\u00e3o, entre [&hellip;]<\/p>\n","protected":false},"author":2,"featured_media":103851,"comment_status":"open","ping_status":"open","sticky":false,"template":"","format":"standard","meta":{"footnotes":""},"categories":[48],"tags":[],"class_list":["post-103849","post","type-post","status-publish","format-standard","has-post-thumbnail","hentry","category-fenasoja-2024"],"_links":{"self":[{"href":"https:\/\/ativeagencia.com.br\/radiomais\/wp-json\/wp\/v2\/posts\/103849","targetHints":{"allow":["GET"]}}],"collection":[{"href":"https:\/\/ativeagencia.com.br\/radiomais\/wp-json\/wp\/v2\/posts"}],"about":[{"href":"https:\/\/ativeagencia.com.br\/radiomais\/wp-json\/wp\/v2\/types\/post"}],"author":[{"embeddable":true,"href":"https:\/\/ativeagencia.com.br\/radiomais\/wp-json\/wp\/v2\/users\/2"}],"replies":[{"embeddable":true,"href":"https:\/\/ativeagencia.com.br\/radiomais\/wp-json\/wp\/v2\/comments?post=103849"}],"version-history":[{"count":2,"href":"https:\/\/ativeagencia.com.br\/radiomais\/wp-json\/wp\/v2\/posts\/103849\/revisions"}],"predecessor-version":[{"id":103853,"href":"https:\/\/ativeagencia.com.br\/radiomais\/wp-json\/wp\/v2\/posts\/103849\/revisions\/103853"}],"wp:featuredmedia":[{"embeddable":true,"href":"https:\/\/ativeagencia.com.br\/radiomais\/wp-json\/wp\/v2\/media\/103851"}],"wp:attachment":[{"href":"https:\/\/ativeagencia.com.br\/radiomais\/wp-json\/wp\/v2\/media?parent=103849"}],"wp:term":[{"taxonomy":"category","embeddable":true,"href":"https:\/\/ativeagencia.com.br\/radiomais\/wp-json\/wp\/v2\/categories?post=103849"},{"taxonomy":"post_tag","embeddable":true,"href":"https:\/\/ativeagencia.com.br\/radiomais\/wp-json\/wp\/v2\/tags?post=103849"}],"curies":[{"name":"wp","href":"https:\/\/api.w.org\/{rel}","templated":true}]}}