{"id":103854,"date":"2024-08-28T20:03:49","date_gmt":"2024-08-28T20:03:49","guid":{"rendered":"https:\/\/ativeagencia.com.br\/radiomais\/?p=103854"},"modified":"2024-08-28T20:03:49","modified_gmt":"2024-08-28T20:03:49","slug":"dois-homens-sao-presos-por-trafico-de-drogas","status":"publish","type":"post","link":"https:\/\/ativeagencia.com.br\/radiomais\/2024\/08\/28\/dois-homens-sao-presos-por-trafico-de-drogas\/","title":{"rendered":"Dois homens s\u00e3o presos por tr\u00e1fico de drogas"},"content":{"rendered":"<p>Um homem foi preso nesta ter\u00e7a-feira (27) na Rua Ana Terra \u2013 Bairro Auxiliadora \u2013 Santa Rosa, por tr\u00e1fico de drogas. Na resid\u00eancia onde ele se encontrava os policiais apreenderam tr\u00eas celulares, balan\u00e7a de precis\u00e3o, c\u00e2meras de videomonitoramento, por\u00e7\u00f5es de maconha, 15 pedras de crack, pacotes com coca\u00edna, 220 adesivos de LSD e 20 comprimidos de ecstasy.<br \/>\nEle foi encaminhado \u00e0 Delegacia de Pol\u00edcia onde foi ouvido e depois, recolhido ao Pres\u00eddio de Santa Rosa.<br \/>\nDROGAS \u2013 Em Novo Machado um homem foi preso nesta ter\u00e7a-feira. A Brigada Militar, ao abord\u00e1-lo, encontrou com ele por\u00e7\u00f5es de maconha e coca\u00edna. O traficante disse que entregaria a droga em um bar da cidade. Ele foi preso e encaminhado \u00e0 Delegacia de Pol\u00edcia.<\/p>\n","protected":false},"excerpt":{"rendered":"<p>Um homem foi preso nesta ter\u00e7a-feira (27) na Rua Ana Terra \u2013 Bairro Auxiliadora \u2013 Santa Rosa, por tr\u00e1fico de drogas. Na resid\u00eancia onde ele se encontrava os policiais apreenderam tr\u00eas celulares, balan\u00e7a de precis\u00e3o, c\u00e2meras de videomonitoramento, por\u00e7\u00f5es de maconha, 15 pedras de crack, pacotes com coca\u00edna, 220 adesivos de LSD e 20 comprimidos [&hellip;]<\/p>\n","protected":false},"author":2,"featured_media":103858,"comment_status":"open","ping_status":"open","sticky":false,"template":"","format":"standard","meta":{"footnotes":""},"categories":[43],"tags":[],"class_list":["post-103854","post","type-post","status-publish","format-standard","has-post-thumbnail","hentry","category-policia"],"_links":{"self":[{"href":"https:\/\/ativeagencia.com.br\/radiomais\/wp-json\/wp\/v2\/posts\/103854","targetHints":{"allow":["GET"]}}],"collection":[{"href":"https:\/\/ativeagencia.com.br\/radiomais\/wp-json\/wp\/v2\/posts"}],"about":[{"href":"https:\/\/ativeagencia.com.br\/radiomais\/wp-json\/wp\/v2\/types\/post"}],"author":[{"embeddable":true,"href":"https:\/\/ativeagencia.com.br\/radiomais\/wp-json\/wp\/v2\/users\/2"}],"replies":[{"embeddable":true,"href":"https:\/\/ativeagencia.com.br\/radiomais\/wp-json\/wp\/v2\/comments?post=103854"}],"version-history":[{"count":1,"href":"https:\/\/ativeagencia.com.br\/radiomais\/wp-json\/wp\/v2\/posts\/103854\/revisions"}],"predecessor-version":[{"id":103859,"href":"https:\/\/ativeagencia.com.br\/radiomais\/wp-json\/wp\/v2\/posts\/103854\/revisions\/103859"}],"wp:featuredmedia":[{"embeddable":true,"href":"https:\/\/ativeagencia.com.br\/radiomais\/wp-json\/wp\/v2\/media\/103858"}],"wp:attachment":[{"href":"https:\/\/ativeagencia.com.br\/radiomais\/wp-json\/wp\/v2\/media?parent=103854"}],"wp:term":[{"taxonomy":"category","embeddable":true,"href":"https:\/\/ativeagencia.com.br\/radiomais\/wp-json\/wp\/v2\/categories?post=103854"},{"taxonomy":"post_tag","embeddable":true,"href":"https:\/\/ativeagencia.com.br\/radiomais\/wp-json\/wp\/v2\/tags?post=103854"}],"curies":[{"name":"wp","href":"https:\/\/api.w.org\/{rel}","templated":true}]}}