{"id":103860,"date":"2024-08-28T20:06:06","date_gmt":"2024-08-28T20:06:06","guid":{"rendered":"https:\/\/ativeagencia.com.br\/radiomais\/?p=103860"},"modified":"2024-09-03T17:39:19","modified_gmt":"2024-09-03T17:39:19","slug":"publicadas-regras-para-o-alistamento-militar-feminino-no-brasil","status":"publish","type":"post","link":"https:\/\/ativeagencia.com.br\/radiomais\/2024\/08\/28\/publicadas-regras-para-o-alistamento-militar-feminino-no-brasil\/","title":{"rendered":"Publicadas regras para o alistamento militar feminino no Brasil"},"content":{"rendered":"<p>O governo federal publicou nesta quarta-feira (28) decreto com regras para o alistamento militar feminino volunt\u00e1rio no Brasil.<br \/>\nHoje, as For\u00e7as Armadas s\u00f3 recebem mulheres em seus quadros a partir dos cursos de forma\u00e7\u00e3o de suboficiais e oficiais. S\u00e3o cargos de n\u00edvel superior, como m\u00e9dicas, engenheiras e coordenadoras de tr\u00e1fego a\u00e9reo.<\/p>\n<p>O alistamento aos 18 anos, no entanto, ainda \u00e9 restrito aos homens \u2013 convocados ou volunt\u00e1rios. As novas regras permitem que mulheres tamb\u00e9m se voluntariem nessa idade.<\/p>\n<p>A regulamenta\u00e7\u00e3o foi assinada pelo presidente Luiz In\u00e1cio Lula da Silva e pelo ministro da Defesa, Jos\u00e9 M\u00facio, e publicada no Di\u00e1rio Oficial da Uni\u00e3o.<\/p>\n<p>Pelo decreto, o servi\u00e7o militar feminino ser\u00e1 para as mulheres que se apresentarem voluntariamente para o recrutamento, que compreende as etapas de alistamento, sele\u00e7\u00e3o e incorpora\u00e7\u00e3o.<\/p>\n<p>O alistamento vai ocorrer no per\u00edodo de janeiro a junho do ano em que a mulher volunt\u00e1ria completar 18 anos. A designa\u00e7\u00e3o dos munic\u00edpios para o alistamento ser\u00e1 feita anualmente por meio do plano geral de convoca\u00e7\u00e3o proposto pelos comandos das For\u00e7as Armadas ao ministro da Defesa.<\/p>\n<p>De acordo com o decreto, a sele\u00e7\u00e3o das mulheres ser\u00e1 realizada dentro do que determina a lei que regulamentou o servi\u00e7o militar brasileiro. Os crit\u00e9rios para sele\u00e7\u00e3o das volunt\u00e1rias ser\u00e3o f\u00edsico, cultural, psicol\u00f3gico e moral.<\/p>\n<p>A sele\u00e7\u00e3o tamb\u00e9m poder\u00e1 compreender mais de uma etapa, inclusive a que trata da inspe\u00e7\u00e3o de sa\u00fade, segundo a publica\u00e7\u00e3o. A inspe\u00e7\u00e3o de sa\u00fade \u00e9 constitu\u00edda de exames cl\u00ednicos e laboratoriais que atestem que a alistada n\u00e3o tem limita\u00e7\u00f5es \u00e0 presta\u00e7\u00e3o do servi\u00e7o militar inicial.<\/p>\n","protected":false},"excerpt":{"rendered":"<p>O governo federal publicou nesta quarta-feira (28) decreto com regras para o alistamento militar feminino volunt\u00e1rio no Brasil. Hoje, as For\u00e7as Armadas s\u00f3 recebem mulheres em seus quadros a partir dos cursos de forma\u00e7\u00e3o de suboficiais e oficiais. S\u00e3o cargos de n\u00edvel superior, como m\u00e9dicas, engenheiras e coordenadoras de tr\u00e1fego a\u00e9reo. O alistamento aos 18 [&hellip;]<\/p>\n","protected":false},"author":2,"featured_media":103861,"comment_status":"open","ping_status":"open","sticky":false,"template":"","format":"standard","meta":{"footnotes":""},"categories":[16,13],"tags":[],"class_list":["post-103860","post","type-post","status-publish","format-standard","has-post-thumbnail","hentry","category-destaque","category-geral"],"_links":{"self":[{"href":"https:\/\/ativeagencia.com.br\/radiomais\/wp-json\/wp\/v2\/posts\/103860","targetHints":{"allow":["GET"]}}],"collection":[{"href":"https:\/\/ativeagencia.com.br\/radiomais\/wp-json\/wp\/v2\/posts"}],"about":[{"href":"https:\/\/ativeagencia.com.br\/radiomais\/wp-json\/wp\/v2\/types\/post"}],"author":[{"embeddable":true,"href":"https:\/\/ativeagencia.com.br\/radiomais\/wp-json\/wp\/v2\/users\/2"}],"replies":[{"embeddable":true,"href":"https:\/\/ativeagencia.com.br\/radiomais\/wp-json\/wp\/v2\/comments?post=103860"}],"version-history":[{"count":1,"href":"https:\/\/ativeagencia.com.br\/radiomais\/wp-json\/wp\/v2\/posts\/103860\/revisions"}],"predecessor-version":[{"id":103862,"href":"https:\/\/ativeagencia.com.br\/radiomais\/wp-json\/wp\/v2\/posts\/103860\/revisions\/103862"}],"wp:featuredmedia":[{"embeddable":true,"href":"https:\/\/ativeagencia.com.br\/radiomais\/wp-json\/wp\/v2\/media\/103861"}],"wp:attachment":[{"href":"https:\/\/ativeagencia.com.br\/radiomais\/wp-json\/wp\/v2\/media?parent=103860"}],"wp:term":[{"taxonomy":"category","embeddable":true,"href":"https:\/\/ativeagencia.com.br\/radiomais\/wp-json\/wp\/v2\/categories?post=103860"},{"taxonomy":"post_tag","embeddable":true,"href":"https:\/\/ativeagencia.com.br\/radiomais\/wp-json\/wp\/v2\/tags?post=103860"}],"curies":[{"name":"wp","href":"https:\/\/api.w.org\/{rel}","templated":true}]}}