{"id":103863,"date":"2024-08-28T20:10:27","date_gmt":"2024-08-28T20:10:27","guid":{"rendered":"https:\/\/ativeagencia.com.br\/radiomais\/?p=103863"},"modified":"2024-09-03T18:02:48","modified_gmt":"2024-09-03T18:02:48","slug":"brasil-registra-aumento-no-numero-de-eleitores-menores-de-18-anos","status":"publish","type":"post","link":"https:\/\/ativeagencia.com.br\/radiomais\/2024\/08\/28\/brasil-registra-aumento-no-numero-de-eleitores-menores-de-18-anos\/","title":{"rendered":"Brasil registra aumento no n\u00famero de eleitores menores de 18 anos"},"content":{"rendered":"<p>O n\u00famero de adolescentes de 16 e 17 anos que fizeram o cadastro eleitoral e est\u00e3o aptos a votar nas elei\u00e7\u00f5es municipais de outubro no Brasil aumentou 78% em rela\u00e7\u00e3o ao pleito de 2020. Segundo o Tribunal Superior Eleitoral (TSE) s\u00e3o 1.836.081 eleitores nessa faixa et\u00e1ria.<br \/>\nNas elei\u00e7\u00f5es municipais de 2020, haviam se alistado 1.030.563 eleitores adolescentes, que n\u00e3o t\u00eam a obriga\u00e7\u00e3o de votar.<br \/>\nDo total do n\u00famero de eleitores no Brasil (155,9 milh\u00f5es) 1,17% s\u00e3o adolescentes. A faixa et\u00e1ria com maior eleitorado \u00e9 a de 45 a 59 anos, que soma 38.883.736 eleitores.<br \/>\nEm todas as faixas et\u00e1rias, as mulheres s\u00e3o maioria, refletindo o que j\u00e1 ocorre na pir\u00e2mide et\u00e1ria da popula\u00e7\u00e3o em geral.<br \/>\nNo Brasil, o voto \u00e9 obrigat\u00f3rio somente entre os 18 e os 70 anos.<\/p>\n","protected":false},"excerpt":{"rendered":"<p>O n\u00famero de adolescentes de 16 e 17 anos que fizeram o cadastro eleitoral e est\u00e3o aptos a votar nas elei\u00e7\u00f5es municipais de outubro no Brasil aumentou 78% em rela\u00e7\u00e3o ao pleito de 2020. Segundo o Tribunal Superior Eleitoral (TSE) s\u00e3o 1.836.081 eleitores nessa faixa et\u00e1ria. Nas elei\u00e7\u00f5es municipais de 2020, haviam se alistado 1.030.563 [&hellip;]<\/p>\n","protected":false},"author":2,"featured_media":103864,"comment_status":"open","ping_status":"open","sticky":false,"template":"","format":"standard","meta":{"footnotes":""},"categories":[49,17],"tags":[],"class_list":["post-103863","post","type-post","status-publish","format-standard","has-post-thumbnail","hentry","category-eleicoes-2024","category-politica"],"_links":{"self":[{"href":"https:\/\/ativeagencia.com.br\/radiomais\/wp-json\/wp\/v2\/posts\/103863","targetHints":{"allow":["GET"]}}],"collection":[{"href":"https:\/\/ativeagencia.com.br\/radiomais\/wp-json\/wp\/v2\/posts"}],"about":[{"href":"https:\/\/ativeagencia.com.br\/radiomais\/wp-json\/wp\/v2\/types\/post"}],"author":[{"embeddable":true,"href":"https:\/\/ativeagencia.com.br\/radiomais\/wp-json\/wp\/v2\/users\/2"}],"replies":[{"embeddable":true,"href":"https:\/\/ativeagencia.com.br\/radiomais\/wp-json\/wp\/v2\/comments?post=103863"}],"version-history":[{"count":1,"href":"https:\/\/ativeagencia.com.br\/radiomais\/wp-json\/wp\/v2\/posts\/103863\/revisions"}],"predecessor-version":[{"id":103865,"href":"https:\/\/ativeagencia.com.br\/radiomais\/wp-json\/wp\/v2\/posts\/103863\/revisions\/103865"}],"wp:featuredmedia":[{"embeddable":true,"href":"https:\/\/ativeagencia.com.br\/radiomais\/wp-json\/wp\/v2\/media\/103864"}],"wp:attachment":[{"href":"https:\/\/ativeagencia.com.br\/radiomais\/wp-json\/wp\/v2\/media?parent=103863"}],"wp:term":[{"taxonomy":"category","embeddable":true,"href":"https:\/\/ativeagencia.com.br\/radiomais\/wp-json\/wp\/v2\/categories?post=103863"},{"taxonomy":"post_tag","embeddable":true,"href":"https:\/\/ativeagencia.com.br\/radiomais\/wp-json\/wp\/v2\/tags?post=103863"}],"curies":[{"name":"wp","href":"https:\/\/api.w.org\/{rel}","templated":true}]}}