{"id":103885,"date":"2024-08-29T12:56:13","date_gmt":"2024-08-29T12:56:13","guid":{"rendered":"https:\/\/ativeagencia.com.br\/radiomais\/?p=103885"},"modified":"2024-08-29T12:56:13","modified_gmt":"2024-08-29T12:56:13","slug":"governo-permite-que-centrais-sindicais-recebam-recursos-do-fat-e-de-emendas-parlamentares","status":"publish","type":"post","link":"https:\/\/ativeagencia.com.br\/radiomais\/2024\/08\/29\/governo-permite-que-centrais-sindicais-recebam-recursos-do-fat-e-de-emendas-parlamentares\/","title":{"rendered":"Governo permite que centrais sindicais recebam recursos do FAT e de emendas parlamentares"},"content":{"rendered":"<p>O governo federal publicou resolu\u00e7\u00e3o que permite sindicatos, centrais sindicais e outras organiza\u00e7\u00f5es da sociedade civil utilizarem recursos do Fundo de Amparo ao Trabalhador (FAT) bem como emendas parlamentares \u2013 exceto as impositivas \u2013 para financiar projetos relacionados ao Sistema Nacional de Emprego (Sine).<br \/>\nA norma, aprovada pelo Conselho Deliberativo do Fundo de Amparo ao Trabalhador, estabelece diretrizes para a cria\u00e7\u00e3o de um projeto-piloto voltado \u00e0 implementa\u00e7\u00e3o de unidades do Sine sob a gest\u00e3o de Organiza\u00e7\u00f5es da Sociedade Civil (OSC). A resolu\u00e7\u00e3o tem validade imediata.<br \/>\nO FAT \u00e9 um fundo especial criado na d\u00e9cada de 1990, destinado ao financiamento de programas como o seguro-desemprego, o abono salarial e a promo\u00e7\u00e3o de pol\u00edticas p\u00fablicas de emprego.<br \/>\nAt\u00e9 o fim de junho de 2024 o saldo total do FAT era de R$ 517,5 bilh\u00f5es, vindos dos descontos em folha dos trabalhadores, segundo dados do Minist\u00e9rio do Trabalho.<\/p>\n","protected":false},"excerpt":{"rendered":"<p>O governo federal publicou resolu\u00e7\u00e3o que permite sindicatos, centrais sindicais e outras organiza\u00e7\u00f5es da sociedade civil utilizarem recursos do Fundo de Amparo ao Trabalhador (FAT) bem como emendas parlamentares \u2013 exceto as impositivas \u2013 para financiar projetos relacionados ao Sistema Nacional de Emprego (Sine). A norma, aprovada pelo Conselho Deliberativo do Fundo de Amparo ao [&hellip;]<\/p>\n","protected":false},"author":2,"featured_media":103886,"comment_status":"open","ping_status":"open","sticky":false,"template":"","format":"standard","meta":{"footnotes":""},"categories":[13],"tags":[],"class_list":["post-103885","post","type-post","status-publish","format-standard","has-post-thumbnail","hentry","category-geral"],"_links":{"self":[{"href":"https:\/\/ativeagencia.com.br\/radiomais\/wp-json\/wp\/v2\/posts\/103885","targetHints":{"allow":["GET"]}}],"collection":[{"href":"https:\/\/ativeagencia.com.br\/radiomais\/wp-json\/wp\/v2\/posts"}],"about":[{"href":"https:\/\/ativeagencia.com.br\/radiomais\/wp-json\/wp\/v2\/types\/post"}],"author":[{"embeddable":true,"href":"https:\/\/ativeagencia.com.br\/radiomais\/wp-json\/wp\/v2\/users\/2"}],"replies":[{"embeddable":true,"href":"https:\/\/ativeagencia.com.br\/radiomais\/wp-json\/wp\/v2\/comments?post=103885"}],"version-history":[{"count":2,"href":"https:\/\/ativeagencia.com.br\/radiomais\/wp-json\/wp\/v2\/posts\/103885\/revisions"}],"predecessor-version":[{"id":103888,"href":"https:\/\/ativeagencia.com.br\/radiomais\/wp-json\/wp\/v2\/posts\/103885\/revisions\/103888"}],"wp:featuredmedia":[{"embeddable":true,"href":"https:\/\/ativeagencia.com.br\/radiomais\/wp-json\/wp\/v2\/media\/103886"}],"wp:attachment":[{"href":"https:\/\/ativeagencia.com.br\/radiomais\/wp-json\/wp\/v2\/media?parent=103885"}],"wp:term":[{"taxonomy":"category","embeddable":true,"href":"https:\/\/ativeagencia.com.br\/radiomais\/wp-json\/wp\/v2\/categories?post=103885"},{"taxonomy":"post_tag","embeddable":true,"href":"https:\/\/ativeagencia.com.br\/radiomais\/wp-json\/wp\/v2\/tags?post=103885"}],"curies":[{"name":"wp","href":"https:\/\/api.w.org\/{rel}","templated":true}]}}