{"id":103889,"date":"2024-08-29T12:58:37","date_gmt":"2024-08-29T12:58:37","guid":{"rendered":"https:\/\/ativeagencia.com.br\/radiomais\/?p=103889"},"modified":"2024-08-29T12:58:37","modified_gmt":"2024-08-29T12:58:37","slug":"prazo-para-gauchos-declararem-imposto-de-renda-termina-na-sexta-feira","status":"publish","type":"post","link":"https:\/\/ativeagencia.com.br\/radiomais\/2024\/08\/29\/prazo-para-gauchos-declararem-imposto-de-renda-termina-na-sexta-feira\/","title":{"rendered":"Prazo para ga\u00fachos declararem Imposto de Renda termina na sexta-feira"},"content":{"rendered":"<p>Termina nesta sexta-feira (30) o prazo para os contribuintes dos 399 munic\u00edpios atingidos pela enchente fazer a declara\u00e7\u00e3o do Imposto de Renda.<br \/>\nA medida faz parte do pacote de a\u00e7\u00f5es que beneficiaram o Rio Grande do Sul ap\u00f3s a enchente hist\u00f3ria ocorrida em maio de 2024. Em rela\u00e7\u00e3o ao imposto de renda, al\u00e9m da amplia\u00e7\u00e3o do prazo, todos os contribuintes foram priorizados nos lotes de restitui\u00e7\u00e3o.<br \/>\nAt\u00e9 esta quarta-feira (28), 95% das declara\u00e7\u00f5es esperadas no Rio Grande do Sul j\u00e1 tinham sido transmitidas, o que corresponde a 2.867.507 declara\u00e7\u00f5es.<br \/>\nA recomenda\u00e7\u00e3o \u00e9 utilizar a declara\u00e7\u00e3o pr\u00e9-preenchida, principalmente para evitar erros de digita\u00e7\u00e3o causados pela pressa.<br \/>\nA responsabilidade pelas informa\u00e7\u00f5es, ainda que utilizando a pr\u00e9-preenchida, \u00e9 do contribuinte, que deve conferir as informa\u00e7\u00f5es apresentadas e, se for o caso, corrigi-las, mas o processo de confer\u00eancia em muitos casos \u00e9 bem r\u00e1pido.<\/p>\n","protected":false},"excerpt":{"rendered":"<p>Termina nesta sexta-feira (30) o prazo para os contribuintes dos 399 munic\u00edpios atingidos pela enchente fazer a declara\u00e7\u00e3o do Imposto de Renda. A medida faz parte do pacote de a\u00e7\u00f5es que beneficiaram o Rio Grande do Sul ap\u00f3s a enchente hist\u00f3ria ocorrida em maio de 2024. Em rela\u00e7\u00e3o ao imposto de renda, al\u00e9m da amplia\u00e7\u00e3o [&hellip;]<\/p>\n","protected":false},"author":2,"featured_media":103890,"comment_status":"open","ping_status":"open","sticky":false,"template":"","format":"standard","meta":{"footnotes":""},"categories":[13],"tags":[],"class_list":["post-103889","post","type-post","status-publish","format-standard","has-post-thumbnail","hentry","category-geral"],"_links":{"self":[{"href":"https:\/\/ativeagencia.com.br\/radiomais\/wp-json\/wp\/v2\/posts\/103889","targetHints":{"allow":["GET"]}}],"collection":[{"href":"https:\/\/ativeagencia.com.br\/radiomais\/wp-json\/wp\/v2\/posts"}],"about":[{"href":"https:\/\/ativeagencia.com.br\/radiomais\/wp-json\/wp\/v2\/types\/post"}],"author":[{"embeddable":true,"href":"https:\/\/ativeagencia.com.br\/radiomais\/wp-json\/wp\/v2\/users\/2"}],"replies":[{"embeddable":true,"href":"https:\/\/ativeagencia.com.br\/radiomais\/wp-json\/wp\/v2\/comments?post=103889"}],"version-history":[{"count":1,"href":"https:\/\/ativeagencia.com.br\/radiomais\/wp-json\/wp\/v2\/posts\/103889\/revisions"}],"predecessor-version":[{"id":103891,"href":"https:\/\/ativeagencia.com.br\/radiomais\/wp-json\/wp\/v2\/posts\/103889\/revisions\/103891"}],"wp:featuredmedia":[{"embeddable":true,"href":"https:\/\/ativeagencia.com.br\/radiomais\/wp-json\/wp\/v2\/media\/103890"}],"wp:attachment":[{"href":"https:\/\/ativeagencia.com.br\/radiomais\/wp-json\/wp\/v2\/media?parent=103889"}],"wp:term":[{"taxonomy":"category","embeddable":true,"href":"https:\/\/ativeagencia.com.br\/radiomais\/wp-json\/wp\/v2\/categories?post=103889"},{"taxonomy":"post_tag","embeddable":true,"href":"https:\/\/ativeagencia.com.br\/radiomais\/wp-json\/wp\/v2\/tags?post=103889"}],"curies":[{"name":"wp","href":"https:\/\/api.w.org\/{rel}","templated":true}]}}