{"id":103909,"date":"2024-08-29T17:51:57","date_gmt":"2024-08-29T17:51:57","guid":{"rendered":"https:\/\/ativeagencia.com.br\/radiomais\/?p=103909"},"modified":"2024-08-29T17:55:48","modified_gmt":"2024-08-29T17:55:48","slug":"brasil-conquista-primeira-medalha-nos-jogos-paralimpicos-de-paris","status":"publish","type":"post","link":"https:\/\/ativeagencia.com.br\/radiomais\/2024\/08\/29\/brasil-conquista-primeira-medalha-nos-jogos-paralimpicos-de-paris\/","title":{"rendered":"Brasil conquista primeira medalha nos jogos Paral\u00edmpicos de Paris"},"content":{"rendered":"<p><strong>Gabriel Ara\u00fajo<\/strong>, porta-bandeira do Brasil, conquistou nesta quinta-feira (29) a primeira medalha do pa\u00eds nos Jogos Paral\u00edmpicos de Paris 2024.<br \/>\nO nadador venceu a prova dos 100m costas S2, destinada a atletas com grandes limita\u00e7\u00f5es f\u00edsico-motoras, com o tempo de 1min53s67 na Arena La D\u00e9fense e conquistou medalha de ouro. O resultado n\u00e3o apenas marcou o melhor tempo de sua carreira, mas tamb\u00e9m estabeleceu um novo recorde das Am\u00e9ricas<br \/>\nO segundo lugar ficou com Vladimir Danilenko, atleta neutro, com 2min01s34, enquanto o chileno Alberto Caroly Diaz completou o p\u00f3dio com 2min01s97.<\/p>\n","protected":false},"excerpt":{"rendered":"<p>Gabriel Ara\u00fajo, porta-bandeira do Brasil, conquistou nesta quinta-feira (29) a primeira medalha do pa\u00eds nos Jogos Paral\u00edmpicos de Paris 2024. O nadador venceu a prova dos 100m costas S2, destinada a atletas com grandes limita\u00e7\u00f5es f\u00edsico-motoras, com o tempo de 1min53s67 na Arena La D\u00e9fense e conquistou medalha de ouro. O resultado n\u00e3o apenas marcou [&hellip;]<\/p>\n","protected":false},"author":2,"featured_media":103910,"comment_status":"open","ping_status":"open","sticky":false,"template":"","format":"standard","meta":{"footnotes":""},"categories":[31],"tags":[],"class_list":["post-103909","post","type-post","status-publish","format-standard","has-post-thumbnail","hentry","category-esportes"],"_links":{"self":[{"href":"https:\/\/ativeagencia.com.br\/radiomais\/wp-json\/wp\/v2\/posts\/103909","targetHints":{"allow":["GET"]}}],"collection":[{"href":"https:\/\/ativeagencia.com.br\/radiomais\/wp-json\/wp\/v2\/posts"}],"about":[{"href":"https:\/\/ativeagencia.com.br\/radiomais\/wp-json\/wp\/v2\/types\/post"}],"author":[{"embeddable":true,"href":"https:\/\/ativeagencia.com.br\/radiomais\/wp-json\/wp\/v2\/users\/2"}],"replies":[{"embeddable":true,"href":"https:\/\/ativeagencia.com.br\/radiomais\/wp-json\/wp\/v2\/comments?post=103909"}],"version-history":[{"count":3,"href":"https:\/\/ativeagencia.com.br\/radiomais\/wp-json\/wp\/v2\/posts\/103909\/revisions"}],"predecessor-version":[{"id":103914,"href":"https:\/\/ativeagencia.com.br\/radiomais\/wp-json\/wp\/v2\/posts\/103909\/revisions\/103914"}],"wp:featuredmedia":[{"embeddable":true,"href":"https:\/\/ativeagencia.com.br\/radiomais\/wp-json\/wp\/v2\/media\/103910"}],"wp:attachment":[{"href":"https:\/\/ativeagencia.com.br\/radiomais\/wp-json\/wp\/v2\/media?parent=103909"}],"wp:term":[{"taxonomy":"category","embeddable":true,"href":"https:\/\/ativeagencia.com.br\/radiomais\/wp-json\/wp\/v2\/categories?post=103909"},{"taxonomy":"post_tag","embeddable":true,"href":"https:\/\/ativeagencia.com.br\/radiomais\/wp-json\/wp\/v2\/tags?post=103909"}],"curies":[{"name":"wp","href":"https:\/\/api.w.org\/{rel}","templated":true}]}}