{"id":103921,"date":"2024-08-30T15:00:34","date_gmt":"2024-08-30T15:00:34","guid":{"rendered":"https:\/\/ativeagencia.com.br\/radiomais\/?p=103921"},"modified":"2024-09-02T00:47:19","modified_gmt":"2024-09-02T00:47:19","slug":"morre-neida-frohlich-ex-presidente-do-hortigranjeiros","status":"publish","type":"post","link":"https:\/\/ativeagencia.com.br\/radiomais\/2024\/08\/30\/morre-neida-frohlich-ex-presidente-do-hortigranjeiros\/","title":{"rendered":"Morre Neida Frohlich, ex-presidente do Hortigranjeiros"},"content":{"rendered":"<p>Morreu nesta sexta-feira (30), aos 63 anos, a ex-presidente do Encontro Estadual de Hortigranjeiros de Santa Rosa, Neida Frohlich.<br \/>\nEla estava internada no Hospital Vida &amp; Sa\u00fade. Seu corpo ser\u00e1 transladado para Cerro Largo, sua terra natal, onde ser\u00e1 velada.<br \/>\nEnvolvida nos movimentos comunit\u00e1rios e sempre atuante em a\u00e7\u00f5es relacionada agriculta familiar, Neida atuou como extensionista da Emater por 30 anos. Entre 2011 e 2014, foi Gerente Regional adjunta do \u00f3rg\u00e3o.<br \/>\nEm 2015, presidiu o 31\u00ba Encontro Estadual de Hortigranjeiros.<br \/>\nAntes de se aposentar em 2020, ela atuou na Emater da cidade de Joia.<\/p>\n","protected":false},"excerpt":{"rendered":"<p>Morreu nesta sexta-feira (30), aos 63 anos, a ex-presidente do Encontro Estadual de Hortigranjeiros de Santa Rosa, Neida Frohlich. Ela estava internada no Hospital Vida &amp; Sa\u00fade. Seu corpo ser\u00e1 transladado para Cerro Largo, sua terra natal, onde ser\u00e1 velada. Envolvida nos movimentos comunit\u00e1rios e sempre atuante em a\u00e7\u00f5es relacionada agriculta familiar, Neida atuou como [&hellip;]<\/p>\n","protected":false},"author":2,"featured_media":103922,"comment_status":"open","ping_status":"open","sticky":false,"template":"","format":"standard","meta":{"footnotes":""},"categories":[13],"tags":[],"class_list":["post-103921","post","type-post","status-publish","format-standard","has-post-thumbnail","hentry","category-geral"],"_links":{"self":[{"href":"https:\/\/ativeagencia.com.br\/radiomais\/wp-json\/wp\/v2\/posts\/103921","targetHints":{"allow":["GET"]}}],"collection":[{"href":"https:\/\/ativeagencia.com.br\/radiomais\/wp-json\/wp\/v2\/posts"}],"about":[{"href":"https:\/\/ativeagencia.com.br\/radiomais\/wp-json\/wp\/v2\/types\/post"}],"author":[{"embeddable":true,"href":"https:\/\/ativeagencia.com.br\/radiomais\/wp-json\/wp\/v2\/users\/2"}],"replies":[{"embeddable":true,"href":"https:\/\/ativeagencia.com.br\/radiomais\/wp-json\/wp\/v2\/comments?post=103921"}],"version-history":[{"count":1,"href":"https:\/\/ativeagencia.com.br\/radiomais\/wp-json\/wp\/v2\/posts\/103921\/revisions"}],"predecessor-version":[{"id":103923,"href":"https:\/\/ativeagencia.com.br\/radiomais\/wp-json\/wp\/v2\/posts\/103921\/revisions\/103923"}],"wp:featuredmedia":[{"embeddable":true,"href":"https:\/\/ativeagencia.com.br\/radiomais\/wp-json\/wp\/v2\/media\/103922"}],"wp:attachment":[{"href":"https:\/\/ativeagencia.com.br\/radiomais\/wp-json\/wp\/v2\/media?parent=103921"}],"wp:term":[{"taxonomy":"category","embeddable":true,"href":"https:\/\/ativeagencia.com.br\/radiomais\/wp-json\/wp\/v2\/categories?post=103921"},{"taxonomy":"post_tag","embeddable":true,"href":"https:\/\/ativeagencia.com.br\/radiomais\/wp-json\/wp\/v2\/tags?post=103921"}],"curies":[{"name":"wp","href":"https:\/\/api.w.org\/{rel}","templated":true}]}}