{"id":103924,"date":"2024-08-30T08:29:32","date_gmt":"2024-08-30T08:29:32","guid":{"rendered":"https:\/\/ativeagencia.com.br\/radiomais\/?p=103924"},"modified":"2024-09-04T14:49:55","modified_gmt":"2024-09-04T14:49:55","slug":"policia-prende-tres-em-santa-rosa-por-trafico-de-drogas","status":"publish","type":"post","link":"https:\/\/ativeagencia.com.br\/radiomais\/2024\/08\/30\/policia-prende-tres-em-santa-rosa-por-trafico-de-drogas\/","title":{"rendered":"Pol\u00edcia prende tr\u00eas em Santa Rosa por tr\u00e1fico de drogas"},"content":{"rendered":"<p>A Pol\u00edcia Civil e Brigada Militar de Santa Rosa prenderam tr\u00eas jovens na noite desta quinta-feira (29) por tr\u00e1fico de drogas. O fato ocorreu na Travessa II, da Vila Santa In\u00eas, quando os policiais cumpriram mandados de busca e apreens\u00e3o.<\/p>\n<p>No local foram apreendidas oito buchas de coca\u00edna, 11 gramas de crack, cinco celulares, quatro c\u00e2meras filmadoras e R$ 3.212,00 em dinheiro.<\/p>\n<p>Os presos, dois homens de 25 e 22 anos, e uma mulher de 22 anos, foram levados \u00e0 DP e ap\u00f3s, recolhidos ao pres\u00eddio estadual de Santa Rosa.<\/p>\n","protected":false},"excerpt":{"rendered":"<p>A Pol\u00edcia Civil e Brigada Militar de Santa Rosa prenderam tr\u00eas jovens na noite desta quinta-feira (29) por tr\u00e1fico de drogas. O fato ocorreu na Travessa II, da Vila Santa In\u00eas, quando os policiais cumpriram mandados de busca e apreens\u00e3o. No local foram apreendidas oito buchas de coca\u00edna, 11 gramas de crack, cinco celulares, quatro [&hellip;]<\/p>\n","protected":false},"author":2,"featured_media":103925,"comment_status":"open","ping_status":"open","sticky":false,"template":"","format":"standard","meta":{"footnotes":""},"categories":[16,43],"tags":[],"class_list":["post-103924","post","type-post","status-publish","format-standard","has-post-thumbnail","hentry","category-destaque","category-policia"],"_links":{"self":[{"href":"https:\/\/ativeagencia.com.br\/radiomais\/wp-json\/wp\/v2\/posts\/103924","targetHints":{"allow":["GET"]}}],"collection":[{"href":"https:\/\/ativeagencia.com.br\/radiomais\/wp-json\/wp\/v2\/posts"}],"about":[{"href":"https:\/\/ativeagencia.com.br\/radiomais\/wp-json\/wp\/v2\/types\/post"}],"author":[{"embeddable":true,"href":"https:\/\/ativeagencia.com.br\/radiomais\/wp-json\/wp\/v2\/users\/2"}],"replies":[{"embeddable":true,"href":"https:\/\/ativeagencia.com.br\/radiomais\/wp-json\/wp\/v2\/comments?post=103924"}],"version-history":[{"count":1,"href":"https:\/\/ativeagencia.com.br\/radiomais\/wp-json\/wp\/v2\/posts\/103924\/revisions"}],"predecessor-version":[{"id":103926,"href":"https:\/\/ativeagencia.com.br\/radiomais\/wp-json\/wp\/v2\/posts\/103924\/revisions\/103926"}],"wp:featuredmedia":[{"embeddable":true,"href":"https:\/\/ativeagencia.com.br\/radiomais\/wp-json\/wp\/v2\/media\/103925"}],"wp:attachment":[{"href":"https:\/\/ativeagencia.com.br\/radiomais\/wp-json\/wp\/v2\/media?parent=103924"}],"wp:term":[{"taxonomy":"category","embeddable":true,"href":"https:\/\/ativeagencia.com.br\/radiomais\/wp-json\/wp\/v2\/categories?post=103924"},{"taxonomy":"post_tag","embeddable":true,"href":"https:\/\/ativeagencia.com.br\/radiomais\/wp-json\/wp\/v2\/tags?post=103924"}],"curies":[{"name":"wp","href":"https:\/\/api.w.org\/{rel}","templated":true}]}}