{"id":103927,"date":"2024-09-02T00:33:48","date_gmt":"2024-09-02T00:33:48","guid":{"rendered":"https:\/\/ativeagencia.com.br\/radiomais\/?p=103927"},"modified":"2024-09-02T00:33:48","modified_gmt":"2024-09-02T00:33:48","slug":"nova-onda-de-calor-devera-atingir-o-pais-em-setembro","status":"publish","type":"post","link":"https:\/\/ativeagencia.com.br\/radiomais\/2024\/09\/02\/nova-onda-de-calor-devera-atingir-o-pais-em-setembro\/","title":{"rendered":"Nova onda de calor dever\u00e1 atingir o pa\u00eds em setembro"},"content":{"rendered":"<p>Uma nova onda de calor deve afetar o Brasil a partir da pr\u00f3xima segunda-feira (2 de setembro), com temperaturas acima de 40\u00baC previstas para partes do Centro-Oeste.<br \/>\nA Climatempo alerta que o fen\u00f4meno, impulsionado por uma massa de ar quente e seco, pode persistir at\u00e9 metade de setembro.<\/p>\n<p>O aumento das temperaturas nesta \u00e9poca \u00e9 comum devido \u00e0 transi\u00e7\u00e3o do inverno para a primavera. No entanto, ondas de calor t\u00eam se intensificado e se prolongado com as mudan\u00e7as clim\u00e1ticas. A previs\u00e3o \u00e9 de que a chuva s\u00f3 retorne na segunda quinzena de setembro.<\/p>\n","protected":false},"excerpt":{"rendered":"<p>Uma nova onda de calor deve afetar o Brasil a partir da pr\u00f3xima segunda-feira (2 de setembro), com temperaturas acima de 40\u00baC previstas para partes do Centro-Oeste. A Climatempo alerta que o fen\u00f4meno, impulsionado por uma massa de ar quente e seco, pode persistir at\u00e9 metade de setembro. O aumento das temperaturas nesta \u00e9poca \u00e9 [&hellip;]<\/p>\n","protected":false},"author":2,"featured_media":103928,"comment_status":"open","ping_status":"open","sticky":false,"template":"","format":"standard","meta":{"footnotes":""},"categories":[13],"tags":[],"class_list":["post-103927","post","type-post","status-publish","format-standard","has-post-thumbnail","hentry","category-geral"],"_links":{"self":[{"href":"https:\/\/ativeagencia.com.br\/radiomais\/wp-json\/wp\/v2\/posts\/103927","targetHints":{"allow":["GET"]}}],"collection":[{"href":"https:\/\/ativeagencia.com.br\/radiomais\/wp-json\/wp\/v2\/posts"}],"about":[{"href":"https:\/\/ativeagencia.com.br\/radiomais\/wp-json\/wp\/v2\/types\/post"}],"author":[{"embeddable":true,"href":"https:\/\/ativeagencia.com.br\/radiomais\/wp-json\/wp\/v2\/users\/2"}],"replies":[{"embeddable":true,"href":"https:\/\/ativeagencia.com.br\/radiomais\/wp-json\/wp\/v2\/comments?post=103927"}],"version-history":[{"count":1,"href":"https:\/\/ativeagencia.com.br\/radiomais\/wp-json\/wp\/v2\/posts\/103927\/revisions"}],"predecessor-version":[{"id":103929,"href":"https:\/\/ativeagencia.com.br\/radiomais\/wp-json\/wp\/v2\/posts\/103927\/revisions\/103929"}],"wp:featuredmedia":[{"embeddable":true,"href":"https:\/\/ativeagencia.com.br\/radiomais\/wp-json\/wp\/v2\/media\/103928"}],"wp:attachment":[{"href":"https:\/\/ativeagencia.com.br\/radiomais\/wp-json\/wp\/v2\/media?parent=103927"}],"wp:term":[{"taxonomy":"category","embeddable":true,"href":"https:\/\/ativeagencia.com.br\/radiomais\/wp-json\/wp\/v2\/categories?post=103927"},{"taxonomy":"post_tag","embeddable":true,"href":"https:\/\/ativeagencia.com.br\/radiomais\/wp-json\/wp\/v2\/tags?post=103927"}],"curies":[{"name":"wp","href":"https:\/\/api.w.org\/{rel}","templated":true}]}}