{"id":103930,"date":"2024-09-02T00:37:20","date_gmt":"2024-09-02T00:37:20","guid":{"rendered":"https:\/\/ativeagencia.com.br\/radiomais\/?p=103930"},"modified":"2024-09-02T00:37:57","modified_gmt":"2024-09-02T00:37:57","slug":"inovacao-e-empreendedorismo-em-pauta-de-seminario-da-fahor","status":"publish","type":"post","link":"https:\/\/ativeagencia.com.br\/radiomais\/2024\/09\/02\/inovacao-e-empreendedorismo-em-pauta-de-seminario-da-fahor\/","title":{"rendered":"Inova\u00e7\u00e3o e empreendedorismo em pauta de Semin\u00e1rio da FAHOR"},"content":{"rendered":"<p>A edi\u00e7\u00e3o 2024 do Semin\u00e1rio Internacional de Engenharia, Economia, Inova\u00e7\u00e3o e Empreendedorismo (SIEF), promovido pela Faculdade de Horizontina (FAHOR) ter\u00e1 em sua abertura, no dia 9 de setembro, dois importantes palestrantes: <strong>Clovis Tramontina <\/strong>(foto), diretor do Conselho de Administra\u00e7\u00e3o da Tramontina e Daniel Ely, vice-presidente da Randoncorp e COO da Rands, l\u00edderes empresariais com trajet\u00f3rias marcadas por inova\u00e7\u00e3o, lideran\u00e7a e transforma\u00e7\u00e3o.<br \/>\nO Semin\u00e1rio acontece at\u00e9 o dia 13, com in\u00fameras temas e palestras. Inscri\u00e7\u00f5es podem ser efetuadas no <a href=\"http:\/\/www.fahor.com.br\"><strong>site da Faculdade<\/strong><\/a>.<\/p>\n","protected":false},"excerpt":{"rendered":"<p>A edi\u00e7\u00e3o 2024 do Semin\u00e1rio Internacional de Engenharia, Economia, Inova\u00e7\u00e3o e Empreendedorismo (SIEF), promovido pela Faculdade de Horizontina (FAHOR) ter\u00e1 em sua abertura, no dia 9 de setembro, dois importantes palestrantes: Clovis Tramontina (foto), diretor do Conselho de Administra\u00e7\u00e3o da Tramontina e Daniel Ely, vice-presidente da Randoncorp e COO da Rands, l\u00edderes empresariais com trajet\u00f3rias [&hellip;]<\/p>\n","protected":false},"author":2,"featured_media":103931,"comment_status":"open","ping_status":"open","sticky":false,"template":"","format":"standard","meta":{"footnotes":""},"categories":[13],"tags":[],"class_list":["post-103930","post","type-post","status-publish","format-standard","has-post-thumbnail","hentry","category-geral"],"_links":{"self":[{"href":"https:\/\/ativeagencia.com.br\/radiomais\/wp-json\/wp\/v2\/posts\/103930","targetHints":{"allow":["GET"]}}],"collection":[{"href":"https:\/\/ativeagencia.com.br\/radiomais\/wp-json\/wp\/v2\/posts"}],"about":[{"href":"https:\/\/ativeagencia.com.br\/radiomais\/wp-json\/wp\/v2\/types\/post"}],"author":[{"embeddable":true,"href":"https:\/\/ativeagencia.com.br\/radiomais\/wp-json\/wp\/v2\/users\/2"}],"replies":[{"embeddable":true,"href":"https:\/\/ativeagencia.com.br\/radiomais\/wp-json\/wp\/v2\/comments?post=103930"}],"version-history":[{"count":1,"href":"https:\/\/ativeagencia.com.br\/radiomais\/wp-json\/wp\/v2\/posts\/103930\/revisions"}],"predecessor-version":[{"id":103932,"href":"https:\/\/ativeagencia.com.br\/radiomais\/wp-json\/wp\/v2\/posts\/103930\/revisions\/103932"}],"wp:featuredmedia":[{"embeddable":true,"href":"https:\/\/ativeagencia.com.br\/radiomais\/wp-json\/wp\/v2\/media\/103931"}],"wp:attachment":[{"href":"https:\/\/ativeagencia.com.br\/radiomais\/wp-json\/wp\/v2\/media?parent=103930"}],"wp:term":[{"taxonomy":"category","embeddable":true,"href":"https:\/\/ativeagencia.com.br\/radiomais\/wp-json\/wp\/v2\/categories?post=103930"},{"taxonomy":"post_tag","embeddable":true,"href":"https:\/\/ativeagencia.com.br\/radiomais\/wp-json\/wp\/v2\/tags?post=103930"}],"curies":[{"name":"wp","href":"https:\/\/api.w.org\/{rel}","templated":true}]}}