{"id":103933,"date":"2024-09-10T08:00:00","date_gmt":"2024-09-10T11:00:00","guid":{"rendered":"https:\/\/ativeagencia.com.br\/radiomais\/?p=103933"},"modified":"2024-09-09T22:14:30","modified_gmt":"2024-09-10T01:14:30","slug":"acisap-promove-mais-uma-edicao-do-painel-de-negocios","status":"publish","type":"post","link":"https:\/\/ativeagencia.com.br\/radiomais\/2024\/09\/10\/acisap-promove-mais-uma-edicao-do-painel-de-negocios\/","title":{"rendered":"ACISAP promove mais uma edi\u00e7\u00e3o do \u201cPainel de Neg\u00f3cios\u201d"},"content":{"rendered":"<p>A Associa\u00e7\u00e3o Comercial e industrial de Santa Rosa promove nesta ter\u00e7a-feira (10) mais uma edi\u00e7\u00e3o do Painel de Neg\u00f3cios. O evento, que acontece no audit\u00f3rio da ACISAP, ter\u00e1 como convidados a especialista em atendimento com foco em experi\u00eancia e sucesso do cliente, Fernanda Matarucco e o especialista em marketing e vendas, Rodrigo Dogonski.<\/p>\n<p>Eles v\u00e3o abordar o tema \u201cVendas inteligentes: a revolu\u00e7\u00e3o na experi\u00eancia do cliente\u201d.<\/p>\n<p>A programa\u00e7\u00e3o inicia \u00e0s 18h30 e os ingressos custam R$ 40,00 (para n\u00e3o associados). Para associados da ACISAP o acesso \u00e9 gratuito.<\/p>\n","protected":false},"excerpt":{"rendered":"<p>A Associa\u00e7\u00e3o Comercial e industrial de Santa Rosa promove nesta ter\u00e7a-feira (10) mais uma edi\u00e7\u00e3o do Painel de Neg\u00f3cios. O evento, que acontece no audit\u00f3rio da ACISAP, ter\u00e1 como convidados a especialista em atendimento com foco em experi\u00eancia e sucesso do cliente, Fernanda Matarucco e o especialista em marketing e vendas, Rodrigo Dogonski. Eles v\u00e3o [&hellip;]<\/p>\n","protected":false},"author":2,"featured_media":103934,"comment_status":"open","ping_status":"open","sticky":false,"template":"","format":"standard","meta":{"footnotes":""},"categories":[13],"tags":[],"class_list":["post-103933","post","type-post","status-publish","format-standard","has-post-thumbnail","hentry","category-geral"],"_links":{"self":[{"href":"https:\/\/ativeagencia.com.br\/radiomais\/wp-json\/wp\/v2\/posts\/103933","targetHints":{"allow":["GET"]}}],"collection":[{"href":"https:\/\/ativeagencia.com.br\/radiomais\/wp-json\/wp\/v2\/posts"}],"about":[{"href":"https:\/\/ativeagencia.com.br\/radiomais\/wp-json\/wp\/v2\/types\/post"}],"author":[{"embeddable":true,"href":"https:\/\/ativeagencia.com.br\/radiomais\/wp-json\/wp\/v2\/users\/2"}],"replies":[{"embeddable":true,"href":"https:\/\/ativeagencia.com.br\/radiomais\/wp-json\/wp\/v2\/comments?post=103933"}],"version-history":[{"count":3,"href":"https:\/\/ativeagencia.com.br\/radiomais\/wp-json\/wp\/v2\/posts\/103933\/revisions"}],"predecessor-version":[{"id":104138,"href":"https:\/\/ativeagencia.com.br\/radiomais\/wp-json\/wp\/v2\/posts\/103933\/revisions\/104138"}],"wp:featuredmedia":[{"embeddable":true,"href":"https:\/\/ativeagencia.com.br\/radiomais\/wp-json\/wp\/v2\/media\/103934"}],"wp:attachment":[{"href":"https:\/\/ativeagencia.com.br\/radiomais\/wp-json\/wp\/v2\/media?parent=103933"}],"wp:term":[{"taxonomy":"category","embeddable":true,"href":"https:\/\/ativeagencia.com.br\/radiomais\/wp-json\/wp\/v2\/categories?post=103933"},{"taxonomy":"post_tag","embeddable":true,"href":"https:\/\/ativeagencia.com.br\/radiomais\/wp-json\/wp\/v2\/tags?post=103933"}],"curies":[{"name":"wp","href":"https:\/\/api.w.org\/{rel}","templated":true}]}}