{"id":103940,"date":"2024-09-02T18:30:49","date_gmt":"2024-09-02T18:30:49","guid":{"rendered":"https:\/\/ativeagencia.com.br\/radiomais\/?p=103940"},"modified":"2024-09-03T17:22:07","modified_gmt":"2024-09-03T17:22:07","slug":"medico-claudeomiro-filheiro-lanca-obra-na-bienal-internacional-do-livro","status":"publish","type":"post","link":"https:\/\/ativeagencia.com.br\/radiomais\/2024\/09\/02\/medico-claudeomiro-filheiro-lanca-obra-na-bienal-internacional-do-livro\/","title":{"rendered":"M\u00e9dico Claudeomiro Filheiro lan\u00e7a obra na Bienal Internacional do Livro"},"content":{"rendered":"<p>O m\u00e9dico otorrinlolaringologista Claudeomiro Filheiro, lan\u00e7a no s\u00e1bado (7 de setembro) na 27\u00aa Bienal Internacional do Livro, de S\u00e3o Paulo, sua obra \u201cA Quimera\u201d, seu primeiro livro de fic\u00e7\u00e3o. Lan\u00e7ado pela Lura Editorial, \u201cA Quimera\u201d promete ser uma obra de entretenimento para a comunidade m\u00e9dica e o p\u00fablico apreciador da literatura, proporcionando uma reflex\u00e3o sobre os limites da ci\u00eancia e a complexidade da vida.<br \/>\nNo livro, Claudeomiro explora a intersec\u00e7\u00e3o entre medicina e mitologia. Trata-se da segunda obra do autor, que em 2022, pela Caf\u00e9 Pequeno de Santa Rosa, lan\u00e7ou \u201cDoses de bem viver\u201d.<br \/>\nNatural de Alecrim, e atuando em Santa Rosa, Claudeomiro Filheiro, \u00e9 medico h\u00e1 mais de 20 anos.<\/p>\n<p>&nbsp;<\/p>\n","protected":false},"excerpt":{"rendered":"<p>O m\u00e9dico otorrinlolaringologista Claudeomiro Filheiro, lan\u00e7a no s\u00e1bado (7 de setembro) na 27\u00aa Bienal Internacional do Livro, de S\u00e3o Paulo, sua obra \u201cA Quimera\u201d, seu primeiro livro de fic\u00e7\u00e3o. Lan\u00e7ado pela Lura Editorial, \u201cA Quimera\u201d promete ser uma obra de entretenimento para a comunidade m\u00e9dica e o p\u00fablico apreciador da literatura, proporcionando uma reflex\u00e3o sobre [&hellip;]<\/p>\n","protected":false},"author":2,"featured_media":103941,"comment_status":"open","ping_status":"open","sticky":false,"template":"","format":"standard","meta":{"footnotes":""},"categories":[16,13],"tags":[],"class_list":["post-103940","post","type-post","status-publish","format-standard","has-post-thumbnail","hentry","category-destaque","category-geral"],"_links":{"self":[{"href":"https:\/\/ativeagencia.com.br\/radiomais\/wp-json\/wp\/v2\/posts\/103940","targetHints":{"allow":["GET"]}}],"collection":[{"href":"https:\/\/ativeagencia.com.br\/radiomais\/wp-json\/wp\/v2\/posts"}],"about":[{"href":"https:\/\/ativeagencia.com.br\/radiomais\/wp-json\/wp\/v2\/types\/post"}],"author":[{"embeddable":true,"href":"https:\/\/ativeagencia.com.br\/radiomais\/wp-json\/wp\/v2\/users\/2"}],"replies":[{"embeddable":true,"href":"https:\/\/ativeagencia.com.br\/radiomais\/wp-json\/wp\/v2\/comments?post=103940"}],"version-history":[{"count":1,"href":"https:\/\/ativeagencia.com.br\/radiomais\/wp-json\/wp\/v2\/posts\/103940\/revisions"}],"predecessor-version":[{"id":103942,"href":"https:\/\/ativeagencia.com.br\/radiomais\/wp-json\/wp\/v2\/posts\/103940\/revisions\/103942"}],"wp:featuredmedia":[{"embeddable":true,"href":"https:\/\/ativeagencia.com.br\/radiomais\/wp-json\/wp\/v2\/media\/103941"}],"wp:attachment":[{"href":"https:\/\/ativeagencia.com.br\/radiomais\/wp-json\/wp\/v2\/media?parent=103940"}],"wp:term":[{"taxonomy":"category","embeddable":true,"href":"https:\/\/ativeagencia.com.br\/radiomais\/wp-json\/wp\/v2\/categories?post=103940"},{"taxonomy":"post_tag","embeddable":true,"href":"https:\/\/ativeagencia.com.br\/radiomais\/wp-json\/wp\/v2\/tags?post=103940"}],"curies":[{"name":"wp","href":"https:\/\/api.w.org\/{rel}","templated":true}]}}