{"id":103959,"date":"2024-09-03T17:24:07","date_gmt":"2024-09-03T17:24:07","guid":{"rendered":"https:\/\/ativeagencia.com.br\/radiomais\/?p=103959"},"modified":"2024-09-09T22:12:25","modified_gmt":"2024-09-10T01:12:25","slug":"presidente-do-conselho-administrativo-da-stara-palestrara-no-almoco-de-ideias","status":"publish","type":"post","link":"https:\/\/ativeagencia.com.br\/radiomais\/2024\/09\/03\/presidente-do-conselho-administrativo-da-stara-palestrara-no-almoco-de-ideias\/","title":{"rendered":"Presidente do Conselho Administrativo da Stara palestrar\u00e1 no Almo\u00e7o de Ideias"},"content":{"rendered":"<p>O presidente do Conselho Administrativo da Stara, Gilson Trennepohl, ser\u00e1 o pr\u00f3ximo palestrante do Almo\u00e7o de Ideias da ACISAP de Santa Rosa. O empres\u00e1rio falar\u00e1 sobre Sucess\u00e3o Familiar em evento marcado para o dia 26 de setembro.<\/p>\n<p>Os cart\u00f5es j\u00e1 est\u00e3o \u00e0 venda e podem ser adquiridos na secretaria da Associa\u00e7\u00e3o Comercial, pelo fone <strong>(55) 3512 5280<\/strong>.<\/p>\n<p>O Almo\u00e7o de Ideias, que chega a sua 181\u00aa edi\u00e7\u00e3o, acontece no Restaurante Fenasoja, do parque de exposi\u00e7\u00f5es Alfredo Leandro Carlson.<\/p>\n<p>Gilson, que \u00e9 natural de Ibirub\u00e1, presidiu a Stara de 2006 a 2020, quando passou o comando para seu filho, \u00c1tila Trennepohl.<\/p>\n","protected":false},"excerpt":{"rendered":"<p>O presidente do Conselho Administrativo da Stara, Gilson Trennepohl, ser\u00e1 o pr\u00f3ximo palestrante do Almo\u00e7o de Ideias da ACISAP de Santa Rosa. O empres\u00e1rio falar\u00e1 sobre Sucess\u00e3o Familiar em evento marcado para o dia 26 de setembro. Os cart\u00f5es j\u00e1 est\u00e3o \u00e0 venda e podem ser adquiridos na secretaria da Associa\u00e7\u00e3o Comercial, pelo fone (55) [&hellip;]<\/p>\n","protected":false},"author":2,"featured_media":103960,"comment_status":"open","ping_status":"open","sticky":false,"template":"","format":"standard","meta":{"footnotes":""},"categories":[16,13],"tags":[],"class_list":["post-103959","post","type-post","status-publish","format-standard","has-post-thumbnail","hentry","category-destaque","category-geral"],"_links":{"self":[{"href":"https:\/\/ativeagencia.com.br\/radiomais\/wp-json\/wp\/v2\/posts\/103959","targetHints":{"allow":["GET"]}}],"collection":[{"href":"https:\/\/ativeagencia.com.br\/radiomais\/wp-json\/wp\/v2\/posts"}],"about":[{"href":"https:\/\/ativeagencia.com.br\/radiomais\/wp-json\/wp\/v2\/types\/post"}],"author":[{"embeddable":true,"href":"https:\/\/ativeagencia.com.br\/radiomais\/wp-json\/wp\/v2\/users\/2"}],"replies":[{"embeddable":true,"href":"https:\/\/ativeagencia.com.br\/radiomais\/wp-json\/wp\/v2\/comments?post=103959"}],"version-history":[{"count":1,"href":"https:\/\/ativeagencia.com.br\/radiomais\/wp-json\/wp\/v2\/posts\/103959\/revisions"}],"predecessor-version":[{"id":103961,"href":"https:\/\/ativeagencia.com.br\/radiomais\/wp-json\/wp\/v2\/posts\/103959\/revisions\/103961"}],"wp:featuredmedia":[{"embeddable":true,"href":"https:\/\/ativeagencia.com.br\/radiomais\/wp-json\/wp\/v2\/media\/103960"}],"wp:attachment":[{"href":"https:\/\/ativeagencia.com.br\/radiomais\/wp-json\/wp\/v2\/media?parent=103959"}],"wp:term":[{"taxonomy":"category","embeddable":true,"href":"https:\/\/ativeagencia.com.br\/radiomais\/wp-json\/wp\/v2\/categories?post=103959"},{"taxonomy":"post_tag","embeddable":true,"href":"https:\/\/ativeagencia.com.br\/radiomais\/wp-json\/wp\/v2\/tags?post=103959"}],"curies":[{"name":"wp","href":"https:\/\/api.w.org\/{rel}","templated":true}]}}