{"id":103962,"date":"2024-09-03T17:31:03","date_gmt":"2024-09-03T17:31:03","guid":{"rendered":"https:\/\/ativeagencia.com.br\/radiomais\/?p=103962"},"modified":"2024-09-03T17:31:03","modified_gmt":"2024-09-03T17:31:03","slug":"natal-sera-comemorado-em-outubro-na-venezuela","status":"publish","type":"post","link":"https:\/\/ativeagencia.com.br\/radiomais\/2024\/09\/03\/natal-sera-comemorado-em-outubro-na-venezuela\/","title":{"rendered":"Natal ser\u00e1 comemorado em outubro, na Venezuela"},"content":{"rendered":"<p>O Natal deste ano na Venezuela ser\u00e1 comemorado em 1\u00ba de outubro. Pelo menos \u00e9 o que quer o presidente do pa\u00eds, Nicol\u00e1s Maduro, que nesta segunda-feira (2) decretou o adiantamento da data. O an\u00fancio foi feito em um programa de audit\u00f3rio que ele apresenta.<br \/>\nEsta n\u00e3o \u00e9 a primeira vez que Maduro recorre \u00e0 antecipa\u00e7\u00e3o das celebra\u00e7\u00f5es natalinas no pa\u00eds. Em 2020, ele adiantou o Natal para 15 de outubro, em meio \u00e0 pandemia.<\/p>\n<p>Na ocasi\u00e3o, a data foi marcada pela libera\u00e7\u00e3o de recursos para a compra de brinquedos.<br \/>\nEm 2013, ano em que Hugo Chavez morreu, Maduro decretou que as comemora\u00e7\u00f5es acontecessem a partir de 1\u00ba de novembro, afirmando na \u00e9poca que desejava \u201cfelicidade e paz para todo o mundo\u201d e \u201cderrotar a amargura&#8221;.<\/p>\n<p>O adiantamento coincide com um momento de tens\u00e3o no pa\u00eds, ap\u00f3s as elei\u00e7\u00f5es presidenciais de 28 de julho. Oposi\u00e7\u00e3o e boa parte da comunidade internacional colocam em d\u00favida a legitimidade da reelei\u00e7\u00e3o de Maduro para mais um mandato.<\/p>\n","protected":false},"excerpt":{"rendered":"<p>O Natal deste ano na Venezuela ser\u00e1 comemorado em 1\u00ba de outubro. Pelo menos \u00e9 o que quer o presidente do pa\u00eds, Nicol\u00e1s Maduro, que nesta segunda-feira (2) decretou o adiantamento da data. O an\u00fancio foi feito em um programa de audit\u00f3rio que ele apresenta. Esta n\u00e3o \u00e9 a primeira vez que Maduro recorre \u00e0 [&hellip;]<\/p>\n","protected":false},"author":2,"featured_media":103963,"comment_status":"open","ping_status":"open","sticky":false,"template":"","format":"standard","meta":{"footnotes":""},"categories":[14],"tags":[],"class_list":["post-103962","post","type-post","status-publish","format-standard","has-post-thumbnail","hentry","category-mundo"],"_links":{"self":[{"href":"https:\/\/ativeagencia.com.br\/radiomais\/wp-json\/wp\/v2\/posts\/103962","targetHints":{"allow":["GET"]}}],"collection":[{"href":"https:\/\/ativeagencia.com.br\/radiomais\/wp-json\/wp\/v2\/posts"}],"about":[{"href":"https:\/\/ativeagencia.com.br\/radiomais\/wp-json\/wp\/v2\/types\/post"}],"author":[{"embeddable":true,"href":"https:\/\/ativeagencia.com.br\/radiomais\/wp-json\/wp\/v2\/users\/2"}],"replies":[{"embeddable":true,"href":"https:\/\/ativeagencia.com.br\/radiomais\/wp-json\/wp\/v2\/comments?post=103962"}],"version-history":[{"count":1,"href":"https:\/\/ativeagencia.com.br\/radiomais\/wp-json\/wp\/v2\/posts\/103962\/revisions"}],"predecessor-version":[{"id":103964,"href":"https:\/\/ativeagencia.com.br\/radiomais\/wp-json\/wp\/v2\/posts\/103962\/revisions\/103964"}],"wp:featuredmedia":[{"embeddable":true,"href":"https:\/\/ativeagencia.com.br\/radiomais\/wp-json\/wp\/v2\/media\/103963"}],"wp:attachment":[{"href":"https:\/\/ativeagencia.com.br\/radiomais\/wp-json\/wp\/v2\/media?parent=103962"}],"wp:term":[{"taxonomy":"category","embeddable":true,"href":"https:\/\/ativeagencia.com.br\/radiomais\/wp-json\/wp\/v2\/categories?post=103962"},{"taxonomy":"post_tag","embeddable":true,"href":"https:\/\/ativeagencia.com.br\/radiomais\/wp-json\/wp\/v2\/tags?post=103962"}],"curies":[{"name":"wp","href":"https:\/\/api.w.org\/{rel}","templated":true}]}}