{"id":103971,"date":"2024-09-03T18:08:24","date_gmt":"2024-09-03T18:08:24","guid":{"rendered":"https:\/\/ativeagencia.com.br\/radiomais\/?p=103971"},"modified":"2024-09-03T19:06:51","modified_gmt":"2024-09-03T19:06:51","slug":"john-deere-demite-em-horizontina-e-sindicato-publica-nota","status":"publish","type":"post","link":"https:\/\/ativeagencia.com.br\/radiomais\/2024\/09\/03\/john-deere-demite-em-horizontina-e-sindicato-publica-nota\/","title":{"rendered":"John Deere demite em Horizontina e Sindicato publica nota"},"content":{"rendered":"<p>O presidente em exerc\u00edcio do Sindicato dos Metal\u00fargicos de Horizontina, Alexsandro Bach, publicou nota nesta segunda-feira lamentando as recentes demiss\u00f5es anunciadas pela unidade local da John Deere.<\/p>\n<p>N\u00e3o h\u00e1 ainda um n\u00famero oficial, mas a proje\u00e7\u00e3o \u00e9 de que cerca de 160 funcion\u00e1rios teriam sido demitidos e que outras 150 demiss\u00f5es devam ocorrer nos pr\u00f3ximos meses.<\/p>\n<p>A nota explica que o Sindicato esteve em negocia\u00e7\u00e3o com a empresa durante todo o ano, buscando alternativas para evitar os desligamentos. \u201cApesar dos esfor\u00e7os conjuntos e das medidas de lay-off aprovadas pelos trabalhadores em mar\u00e7o para proteger cerca de 300 postos de trabalho, seguidas de f\u00e9rias coletivas, o cen\u00e1rio atual de produ\u00e7\u00e3o e a baixa demanda n\u00e3o permitiram evitar a redu\u00e7\u00e3o no quadro de funcion\u00e1rios\u201d.<\/p>\n","protected":false},"excerpt":{"rendered":"<p>O presidente em exerc\u00edcio do Sindicato dos Metal\u00fargicos de Horizontina, Alexsandro Bach, publicou nota nesta segunda-feira lamentando as recentes demiss\u00f5es anunciadas pela unidade local da John Deere. N\u00e3o h\u00e1 ainda um n\u00famero oficial, mas a proje\u00e7\u00e3o \u00e9 de que cerca de 160 funcion\u00e1rios teriam sido demitidos e que outras 150 demiss\u00f5es devam ocorrer nos pr\u00f3ximos [&hellip;]<\/p>\n","protected":false},"author":2,"featured_media":103972,"comment_status":"open","ping_status":"open","sticky":false,"template":"","format":"standard","meta":{"footnotes":""},"categories":[29,16,22],"tags":[],"class_list":["post-103971","post","type-post","status-publish","format-standard","has-post-thumbnail","hentry","category-agro","category-destaque","category-economia"],"_links":{"self":[{"href":"https:\/\/ativeagencia.com.br\/radiomais\/wp-json\/wp\/v2\/posts\/103971","targetHints":{"allow":["GET"]}}],"collection":[{"href":"https:\/\/ativeagencia.com.br\/radiomais\/wp-json\/wp\/v2\/posts"}],"about":[{"href":"https:\/\/ativeagencia.com.br\/radiomais\/wp-json\/wp\/v2\/types\/post"}],"author":[{"embeddable":true,"href":"https:\/\/ativeagencia.com.br\/radiomais\/wp-json\/wp\/v2\/users\/2"}],"replies":[{"embeddable":true,"href":"https:\/\/ativeagencia.com.br\/radiomais\/wp-json\/wp\/v2\/comments?post=103971"}],"version-history":[{"count":1,"href":"https:\/\/ativeagencia.com.br\/radiomais\/wp-json\/wp\/v2\/posts\/103971\/revisions"}],"predecessor-version":[{"id":103973,"href":"https:\/\/ativeagencia.com.br\/radiomais\/wp-json\/wp\/v2\/posts\/103971\/revisions\/103973"}],"wp:featuredmedia":[{"embeddable":true,"href":"https:\/\/ativeagencia.com.br\/radiomais\/wp-json\/wp\/v2\/media\/103972"}],"wp:attachment":[{"href":"https:\/\/ativeagencia.com.br\/radiomais\/wp-json\/wp\/v2\/media?parent=103971"}],"wp:term":[{"taxonomy":"category","embeddable":true,"href":"https:\/\/ativeagencia.com.br\/radiomais\/wp-json\/wp\/v2\/categories?post=103971"},{"taxonomy":"post_tag","embeddable":true,"href":"https:\/\/ativeagencia.com.br\/radiomais\/wp-json\/wp\/v2\/tags?post=103971"}],"curies":[{"name":"wp","href":"https:\/\/api.w.org\/{rel}","templated":true}]}}