{"id":104010,"date":"2024-09-04T09:41:50","date_gmt":"2024-09-04T09:41:50","guid":{"rendered":"https:\/\/ativeagencia.com.br\/radiomais\/?p=104010"},"modified":"2024-09-04T12:42:16","modified_gmt":"2024-09-04T12:42:16","slug":"venda-dos-ingressos-pista-para-shows-da-fenasoja-tem-inicio","status":"publish","type":"post","link":"https:\/\/ativeagencia.com.br\/radiomais\/2024\/09\/04\/venda-dos-ingressos-pista-para-shows-da-fenasoja-tem-inicio\/","title":{"rendered":"Venda dos ingressos Pista para shows da Fenasoja tem in\u00edcio"},"content":{"rendered":"<p>A Fenasoja 2024 inicia na tarde desta quarta-feira (4) a venda do primeiro lote promocional (pr\u00e9-venda) do ingresso Pista para a grade de shows da feira.<br \/>\nA informa\u00e7\u00e3o \u00e9 da Comiss\u00e3o de Promo\u00e7\u00f5es, em conjunto com a Tabaca Hookah Club e We Produ\u00e7\u00f5es.<br \/>\nAs vendas iniciam \u00e0s 13h30 e os interessados podem adquirir atrav\u00e9s do site (ingressonacional.com.br\/fenasoja2024) ou nos pontos de venda: Tabaca e Vencal Cal\u00e7ados. O lote \u00e9 limitado.<\/p>\n<p><strong>Grade de shows<\/strong><br \/>\n<strong>29\/11<\/strong> &#8211; Ra\u00e7a Negra<br \/>\n<strong>01\/12<\/strong> &#8211; Pedro Sampaio<br \/>\n<strong>05\/12<\/strong> &#8211; San Marino e Corpo e Alma<br \/>\n<strong>06\/12<\/strong> &#8211; Bruno e Marrone<br \/>\n<strong>07\/12<\/strong> &#8211; J\u00falia e Rafaela e Dj GBR<br \/>\n<strong>08\/12<\/strong> &#8211; Ana Castela<\/p>\n","protected":false},"excerpt":{"rendered":"<p>A Fenasoja 2024 inicia na tarde desta quarta-feira (4) a venda do primeiro lote promocional (pr\u00e9-venda) do ingresso Pista para a grade de shows da feira. A informa\u00e7\u00e3o \u00e9 da Comiss\u00e3o de Promo\u00e7\u00f5es, em conjunto com a Tabaca Hookah Club e We Produ\u00e7\u00f5es. As vendas iniciam \u00e0s 13h30 e os interessados podem adquirir atrav\u00e9s do [&hellip;]<\/p>\n","protected":false},"author":2,"featured_media":104011,"comment_status":"open","ping_status":"open","sticky":false,"template":"","format":"standard","meta":{"footnotes":""},"categories":[16,48],"tags":[],"class_list":["post-104010","post","type-post","status-publish","format-standard","has-post-thumbnail","hentry","category-destaque","category-fenasoja-2024"],"_links":{"self":[{"href":"https:\/\/ativeagencia.com.br\/radiomais\/wp-json\/wp\/v2\/posts\/104010","targetHints":{"allow":["GET"]}}],"collection":[{"href":"https:\/\/ativeagencia.com.br\/radiomais\/wp-json\/wp\/v2\/posts"}],"about":[{"href":"https:\/\/ativeagencia.com.br\/radiomais\/wp-json\/wp\/v2\/types\/post"}],"author":[{"embeddable":true,"href":"https:\/\/ativeagencia.com.br\/radiomais\/wp-json\/wp\/v2\/users\/2"}],"replies":[{"embeddable":true,"href":"https:\/\/ativeagencia.com.br\/radiomais\/wp-json\/wp\/v2\/comments?post=104010"}],"version-history":[{"count":2,"href":"https:\/\/ativeagencia.com.br\/radiomais\/wp-json\/wp\/v2\/posts\/104010\/revisions"}],"predecessor-version":[{"id":104013,"href":"https:\/\/ativeagencia.com.br\/radiomais\/wp-json\/wp\/v2\/posts\/104010\/revisions\/104013"}],"wp:featuredmedia":[{"embeddable":true,"href":"https:\/\/ativeagencia.com.br\/radiomais\/wp-json\/wp\/v2\/media\/104011"}],"wp:attachment":[{"href":"https:\/\/ativeagencia.com.br\/radiomais\/wp-json\/wp\/v2\/media?parent=104010"}],"wp:term":[{"taxonomy":"category","embeddable":true,"href":"https:\/\/ativeagencia.com.br\/radiomais\/wp-json\/wp\/v2\/categories?post=104010"},{"taxonomy":"post_tag","embeddable":true,"href":"https:\/\/ativeagencia.com.br\/radiomais\/wp-json\/wp\/v2\/tags?post=104010"}],"curies":[{"name":"wp","href":"https:\/\/api.w.org\/{rel}","templated":true}]}}