{"id":104014,"date":"2024-09-04T12:59:24","date_gmt":"2024-09-04T12:59:24","guid":{"rendered":"https:\/\/ativeagencia.com.br\/radiomais\/?p=104014"},"modified":"2024-09-04T12:59:24","modified_gmt":"2024-09-04T12:59:24","slug":"tres-furtos-em-residencias-sao-registrados-em-santa-rosa","status":"publish","type":"post","link":"https:\/\/ativeagencia.com.br\/radiomais\/2024\/09\/04\/tres-furtos-em-residencias-sao-registrados-em-santa-rosa\/","title":{"rendered":"Tr\u00eas furtos em resid\u00eancias s\u00e3o registrados em Santa Rosa \u00a0"},"content":{"rendered":"<p>Ao chegar em casa por volta das 12h30 desta ter\u00e7a-feira (3) um casal encontrou sua resid\u00eancia arrombada. O fato ocorreu no Bairro Central \u2013 Santa Rosa. Os bandidos levaram uma TV 40 polegadas e um aparelho de celular &#8211; ainda na caixa &#8211; que seria o presente da filha.<\/p>\n<p>Para acessar a resid\u00eancia, os ladr\u00f5es arrombaram uma janela dos fundos.<\/p>\n<p>J\u00e1 na Vila Beatriz, ladr\u00f5es furtaram de uma resid\u00eancia uma TV 40 polegadas, uma caixa com bijouterias, v\u00e1rios perfumes e ainda um cofre com moedas.<\/p>\n<p>Outro fato ocorreu na vila Alto Petr\u00f3polis \u2013 Santa Rosa. Uma moradora comunicou na DP que sua bolsa foi furtada de sua resid\u00eancia. Nela continha seus documentos pessoais, Carteira de motorista, cart\u00f5es de bancos e lojas e uma certa quantia em dinheiro.<\/p>\n<p>Ela disse que estava em casa e que havia deixada a porta da frente encostada.<\/p>\n<p>&nbsp;<\/p>\n","protected":false},"excerpt":{"rendered":"<p>Ao chegar em casa por volta das 12h30 desta ter\u00e7a-feira (3) um casal encontrou sua resid\u00eancia arrombada. O fato ocorreu no Bairro Central \u2013 Santa Rosa. Os bandidos levaram uma TV 40 polegadas e um aparelho de celular &#8211; ainda na caixa &#8211; que seria o presente da filha. Para acessar a resid\u00eancia, os ladr\u00f5es [&hellip;]<\/p>\n","protected":false},"author":2,"featured_media":104015,"comment_status":"open","ping_status":"open","sticky":false,"template":"","format":"standard","meta":{"footnotes":""},"categories":[43],"tags":[],"class_list":["post-104014","post","type-post","status-publish","format-standard","has-post-thumbnail","hentry","category-policia"],"_links":{"self":[{"href":"https:\/\/ativeagencia.com.br\/radiomais\/wp-json\/wp\/v2\/posts\/104014","targetHints":{"allow":["GET"]}}],"collection":[{"href":"https:\/\/ativeagencia.com.br\/radiomais\/wp-json\/wp\/v2\/posts"}],"about":[{"href":"https:\/\/ativeagencia.com.br\/radiomais\/wp-json\/wp\/v2\/types\/post"}],"author":[{"embeddable":true,"href":"https:\/\/ativeagencia.com.br\/radiomais\/wp-json\/wp\/v2\/users\/2"}],"replies":[{"embeddable":true,"href":"https:\/\/ativeagencia.com.br\/radiomais\/wp-json\/wp\/v2\/comments?post=104014"}],"version-history":[{"count":1,"href":"https:\/\/ativeagencia.com.br\/radiomais\/wp-json\/wp\/v2\/posts\/104014\/revisions"}],"predecessor-version":[{"id":104016,"href":"https:\/\/ativeagencia.com.br\/radiomais\/wp-json\/wp\/v2\/posts\/104014\/revisions\/104016"}],"wp:featuredmedia":[{"embeddable":true,"href":"https:\/\/ativeagencia.com.br\/radiomais\/wp-json\/wp\/v2\/media\/104015"}],"wp:attachment":[{"href":"https:\/\/ativeagencia.com.br\/radiomais\/wp-json\/wp\/v2\/media?parent=104014"}],"wp:term":[{"taxonomy":"category","embeddable":true,"href":"https:\/\/ativeagencia.com.br\/radiomais\/wp-json\/wp\/v2\/categories?post=104014"},{"taxonomy":"post_tag","embeddable":true,"href":"https:\/\/ativeagencia.com.br\/radiomais\/wp-json\/wp\/v2\/tags?post=104014"}],"curies":[{"name":"wp","href":"https:\/\/api.w.org\/{rel}","templated":true}]}}