{"id":104017,"date":"2024-09-04T11:00:06","date_gmt":"2024-09-04T11:00:06","guid":{"rendered":"https:\/\/ativeagencia.com.br\/radiomais\/?p=104017"},"modified":"2024-09-04T14:08:34","modified_gmt":"2024-09-04T14:08:34","slug":"desfile-da-patria-mobilizara-60-escolas-e-entidades-de-santa-rosa","status":"publish","type":"post","link":"https:\/\/ativeagencia.com.br\/radiomais\/2024\/09\/04\/desfile-da-patria-mobilizara-60-escolas-e-entidades-de-santa-rosa\/","title":{"rendered":"Desfile da P\u00e1tria mobilizar\u00e1 60 escolas e entidades de Santa Rosa"},"content":{"rendered":"<p>Escolas e entidades de Santa Rosa ultimam os preparativos para o Desfile C\u00edvico-militar marcado para o s\u00e1bado (7).<\/p>\n<p>A Parada C\u00edvica acontece a partir das 8h na Avenida Expedicion\u00e1rio Weber, com in\u00edcio na R\u00f3tula do Nacional e dispers\u00e3o no M\u00f3dulo da Brigada Militar.<\/p>\n<p>A expectativa da Secretaria Municipal de Educa\u00e7\u00e3o, respons\u00e1vel pela organiza\u00e7\u00e3o, \u00e9 de que 4.500 pessoas desfilar\u00e3o, representando 60 escolas e entidades. O desfile ser\u00e1 encerrado com a participa\u00e7\u00e3o de efetivo do 19\u00ba RCMec \u2013 Regimento San Martin.<\/p>\n<p>A Semana da P\u00e1tria de Santa Rosa foi aberta oficialmente na manh\u00e3 de segunda-feira (2), em ato realizado em frente \u00e0 Prefeitura. No local, ocorreu a chegada do fogo simb\u00f3lico.<\/p>\n","protected":false},"excerpt":{"rendered":"<p>Escolas e entidades de Santa Rosa ultimam os preparativos para o Desfile C\u00edvico-militar marcado para o s\u00e1bado (7). A Parada C\u00edvica acontece a partir das 8h na Avenida Expedicion\u00e1rio Weber, com in\u00edcio na R\u00f3tula do Nacional e dispers\u00e3o no M\u00f3dulo da Brigada Militar. A expectativa da Secretaria Municipal de Educa\u00e7\u00e3o, respons\u00e1vel pela organiza\u00e7\u00e3o, \u00e9 de [&hellip;]<\/p>\n","protected":false},"author":2,"featured_media":104018,"comment_status":"open","ping_status":"open","sticky":false,"template":"","format":"standard","meta":{"footnotes":""},"categories":[13],"tags":[],"class_list":["post-104017","post","type-post","status-publish","format-standard","has-post-thumbnail","hentry","category-geral"],"_links":{"self":[{"href":"https:\/\/ativeagencia.com.br\/radiomais\/wp-json\/wp\/v2\/posts\/104017","targetHints":{"allow":["GET"]}}],"collection":[{"href":"https:\/\/ativeagencia.com.br\/radiomais\/wp-json\/wp\/v2\/posts"}],"about":[{"href":"https:\/\/ativeagencia.com.br\/radiomais\/wp-json\/wp\/v2\/types\/post"}],"author":[{"embeddable":true,"href":"https:\/\/ativeagencia.com.br\/radiomais\/wp-json\/wp\/v2\/users\/2"}],"replies":[{"embeddable":true,"href":"https:\/\/ativeagencia.com.br\/radiomais\/wp-json\/wp\/v2\/comments?post=104017"}],"version-history":[{"count":1,"href":"https:\/\/ativeagencia.com.br\/radiomais\/wp-json\/wp\/v2\/posts\/104017\/revisions"}],"predecessor-version":[{"id":104019,"href":"https:\/\/ativeagencia.com.br\/radiomais\/wp-json\/wp\/v2\/posts\/104017\/revisions\/104019"}],"wp:featuredmedia":[{"embeddable":true,"href":"https:\/\/ativeagencia.com.br\/radiomais\/wp-json\/wp\/v2\/media\/104018"}],"wp:attachment":[{"href":"https:\/\/ativeagencia.com.br\/radiomais\/wp-json\/wp\/v2\/media?parent=104017"}],"wp:term":[{"taxonomy":"category","embeddable":true,"href":"https:\/\/ativeagencia.com.br\/radiomais\/wp-json\/wp\/v2\/categories?post=104017"},{"taxonomy":"post_tag","embeddable":true,"href":"https:\/\/ativeagencia.com.br\/radiomais\/wp-json\/wp\/v2\/tags?post=104017"}],"curies":[{"name":"wp","href":"https:\/\/api.w.org\/{rel}","templated":true}]}}