{"id":104073,"date":"2024-09-04T16:20:30","date_gmt":"2024-09-04T19:20:30","guid":{"rendered":"https:\/\/ativeagencia.com.br\/radiomais\/?p=104073"},"modified":"2024-09-04T16:22:49","modified_gmt":"2024-09-04T19:22:49","slug":"prazo-para-quitar-ipva-e-evitar-divida-ativa-encerra-dia-6","status":"publish","type":"post","link":"https:\/\/ativeagencia.com.br\/radiomais\/2024\/09\/04\/prazo-para-quitar-ipva-e-evitar-divida-ativa-encerra-dia-6\/","title":{"rendered":"Prazo para quitar IPVA e evitar D\u00edvida Ativa encerra dia 6"},"content":{"rendered":"<p>Os contribuintes que ainda n\u00e3o quitaram o Imposto sobre a Propriedade de Ve\u00edculos Automotores (IPVA) deste ano, cujo vencimento foi no final de junho, t\u00eam at\u00e9 esta sexta-feira (6) para efetuar o pagamento e evitar a inscri\u00e7\u00e3o em D\u00edvida Ativa da Fazenda P\u00fablica (DAT).<\/p>\n<p>A partir de s\u00e1bado (7), a Receita Estadual come\u00e7ar\u00e1 a incluir os inadimplentes no sistema. Conforme o levantamento, mais de 257 mil contribuintes, propriet\u00e1rios de 284 mil ve\u00edculos, somam atualmente R$ 299 milh\u00f5es em d\u00edvidas de IPVA.<\/p>\n<p>At\u00e9 a inscri\u00e7\u00e3o em DAT, o atraso no pagamento do imposto resulta em multa di\u00e1ria de 0,334% ao dia, at\u00e9 o limite de 20%, conforme o n\u00famero final da placa do ve\u00edculo.<\/p>\n","protected":false},"excerpt":{"rendered":"<p>Os contribuintes que ainda n\u00e3o quitaram o Imposto sobre a Propriedade de Ve\u00edculos Automotores (IPVA) deste ano, cujo vencimento foi no final de junho, t\u00eam at\u00e9 esta sexta-feira (6) para efetuar o pagamento e evitar a inscri\u00e7\u00e3o em D\u00edvida Ativa da Fazenda P\u00fablica (DAT). A partir de s\u00e1bado (7), a Receita Estadual come\u00e7ar\u00e1 a incluir [&hellip;]<\/p>\n","protected":false},"author":2,"featured_media":104074,"comment_status":"open","ping_status":"open","sticky":false,"template":"","format":"standard","meta":{"footnotes":""},"categories":[16,13],"tags":[],"class_list":["post-104073","post","type-post","status-publish","format-standard","has-post-thumbnail","hentry","category-destaque","category-geral"],"_links":{"self":[{"href":"https:\/\/ativeagencia.com.br\/radiomais\/wp-json\/wp\/v2\/posts\/104073","targetHints":{"allow":["GET"]}}],"collection":[{"href":"https:\/\/ativeagencia.com.br\/radiomais\/wp-json\/wp\/v2\/posts"}],"about":[{"href":"https:\/\/ativeagencia.com.br\/radiomais\/wp-json\/wp\/v2\/types\/post"}],"author":[{"embeddable":true,"href":"https:\/\/ativeagencia.com.br\/radiomais\/wp-json\/wp\/v2\/users\/2"}],"replies":[{"embeddable":true,"href":"https:\/\/ativeagencia.com.br\/radiomais\/wp-json\/wp\/v2\/comments?post=104073"}],"version-history":[{"count":1,"href":"https:\/\/ativeagencia.com.br\/radiomais\/wp-json\/wp\/v2\/posts\/104073\/revisions"}],"predecessor-version":[{"id":104075,"href":"https:\/\/ativeagencia.com.br\/radiomais\/wp-json\/wp\/v2\/posts\/104073\/revisions\/104075"}],"wp:featuredmedia":[{"embeddable":true,"href":"https:\/\/ativeagencia.com.br\/radiomais\/wp-json\/wp\/v2\/media\/104074"}],"wp:attachment":[{"href":"https:\/\/ativeagencia.com.br\/radiomais\/wp-json\/wp\/v2\/media?parent=104073"}],"wp:term":[{"taxonomy":"category","embeddable":true,"href":"https:\/\/ativeagencia.com.br\/radiomais\/wp-json\/wp\/v2\/categories?post=104073"},{"taxonomy":"post_tag","embeddable":true,"href":"https:\/\/ativeagencia.com.br\/radiomais\/wp-json\/wp\/v2\/tags?post=104073"}],"curies":[{"name":"wp","href":"https:\/\/api.w.org\/{rel}","templated":true}]}}