{"id":104088,"date":"2024-09-05T11:00:08","date_gmt":"2024-09-05T14:00:08","guid":{"rendered":"https:\/\/ativeagencia.com.br\/radiomais\/?p=104088"},"modified":"2024-09-05T11:00:31","modified_gmt":"2024-09-05T14:00:31","slug":"desfiles-e-eventos-culturais-marcarao-7-de-setembro-na-regiao","status":"publish","type":"post","link":"https:\/\/ativeagencia.com.br\/radiomais\/2024\/09\/05\/desfiles-e-eventos-culturais-marcarao-7-de-setembro-na-regiao\/","title":{"rendered":"Desfiles e eventos culturais marcar\u00e3o 7 de setembro na regi\u00e3o"},"content":{"rendered":"<p>Munic\u00edpios da regi\u00e3o se organizam para a Parada C\u00edvica de 7 de setembro. Em Santa Rosa o desfile est\u00e1 programado para o s\u00e1bado, a partir das 8h no trecho entre a R\u00f3tula do Nacional (Avenida Expedicion\u00e1rio Weber) ao M\u00f3dulo da Brigada Militar, com o envolvimento de 60 escolas e entidades.<\/p>\n<p>Em Tr\u00eas de Maio, o desfile acontece na tarde de s\u00e1bado.<\/p>\n<p>J\u00e1 em Tuparendi, a parada c\u00edvica acontece na ter\u00e7a-feira, 10 de setembro, data de anivers\u00e1rio do munic\u00edpio. Escolas e entidades desfilar\u00e3o a partir das 9h no trecho entre a pra\u00e7a Aquiles Turra e o parque de eventos onde acontece a FICAT.<\/p>\n<p>Em Santo Cristo, ao inv\u00e9s do tradicional desfile, o munic\u00edpio promove, desde 2017, a Jornada C\u00edvico-Cultural. Ser\u00e1 neste s\u00e1bado (7) a partir das 8h no parque de eventos. No local, com a participa\u00e7\u00e3o de escolas, entidades, grupos de escoteiros, e entidades tradicionalistas, ocorrer\u00e1 apresenta\u00e7\u00f5es art\u00edsticas, feira do produtor, mateada e diversas atra\u00e7\u00f5es voltada \u00e0 comunidade.<\/p>\n","protected":false},"excerpt":{"rendered":"<p>Munic\u00edpios da regi\u00e3o se organizam para a Parada C\u00edvica de 7 de setembro. Em Santa Rosa o desfile est\u00e1 programado para o s\u00e1bado, a partir das 8h no trecho entre a R\u00f3tula do Nacional (Avenida Expedicion\u00e1rio Weber) ao M\u00f3dulo da Brigada Militar, com o envolvimento de 60 escolas e entidades. Em Tr\u00eas de Maio, o [&hellip;]<\/p>\n","protected":false},"author":2,"featured_media":104089,"comment_status":"open","ping_status":"open","sticky":false,"template":"","format":"standard","meta":{"footnotes":""},"categories":[16,13],"tags":[],"class_list":["post-104088","post","type-post","status-publish","format-standard","has-post-thumbnail","hentry","category-destaque","category-geral"],"_links":{"self":[{"href":"https:\/\/ativeagencia.com.br\/radiomais\/wp-json\/wp\/v2\/posts\/104088","targetHints":{"allow":["GET"]}}],"collection":[{"href":"https:\/\/ativeagencia.com.br\/radiomais\/wp-json\/wp\/v2\/posts"}],"about":[{"href":"https:\/\/ativeagencia.com.br\/radiomais\/wp-json\/wp\/v2\/types\/post"}],"author":[{"embeddable":true,"href":"https:\/\/ativeagencia.com.br\/radiomais\/wp-json\/wp\/v2\/users\/2"}],"replies":[{"embeddable":true,"href":"https:\/\/ativeagencia.com.br\/radiomais\/wp-json\/wp\/v2\/comments?post=104088"}],"version-history":[{"count":1,"href":"https:\/\/ativeagencia.com.br\/radiomais\/wp-json\/wp\/v2\/posts\/104088\/revisions"}],"predecessor-version":[{"id":104090,"href":"https:\/\/ativeagencia.com.br\/radiomais\/wp-json\/wp\/v2\/posts\/104088\/revisions\/104090"}],"wp:featuredmedia":[{"embeddable":true,"href":"https:\/\/ativeagencia.com.br\/radiomais\/wp-json\/wp\/v2\/media\/104089"}],"wp:attachment":[{"href":"https:\/\/ativeagencia.com.br\/radiomais\/wp-json\/wp\/v2\/media?parent=104088"}],"wp:term":[{"taxonomy":"category","embeddable":true,"href":"https:\/\/ativeagencia.com.br\/radiomais\/wp-json\/wp\/v2\/categories?post=104088"},{"taxonomy":"post_tag","embeddable":true,"href":"https:\/\/ativeagencia.com.br\/radiomais\/wp-json\/wp\/v2\/tags?post=104088"}],"curies":[{"name":"wp","href":"https:\/\/api.w.org\/{rel}","templated":true}]}}