{"id":104091,"date":"2024-09-05T11:06:42","date_gmt":"2024-09-05T14:06:42","guid":{"rendered":"https:\/\/ativeagencia.com.br\/radiomais\/?p=104091"},"modified":"2024-09-05T11:06:42","modified_gmt":"2024-09-05T14:06:42","slug":"sacaram-dinheiro-de-aposentada-apos-cartao-ser-furtado","status":"publish","type":"post","link":"https:\/\/ativeagencia.com.br\/radiomais\/2024\/09\/05\/sacaram-dinheiro-de-aposentada-apos-cartao-ser-furtado\/","title":{"rendered":"Sacaram dinheiro de aposentada ap\u00f3s cart\u00e3o ser furtado"},"content":{"rendered":"<p>Uma aposentada de 78 anos, residente na Vila Auxiliadora 2 \u2013 Santa Rosa, disse na Delegacia de Pol\u00edcia que algu\u00e9m entrou em sua resid\u00eancia e furtou seu cart\u00e3o do banco e a senha.<\/p>\n<p>N\u00e3o tem ideia de quem possa ser o autor. A \u00fanica coisa que ela sabe \u00e9 que, ap\u00f3s o furto, um saque no valor de R$ 350,00 foi feito de sua conta, em um caixa eletr\u00f4nico.<\/p>\n<p>Ela foi ao banco e fez um novo cart\u00e3o.<\/p>\n","protected":false},"excerpt":{"rendered":"<p>Uma aposentada de 78 anos, residente na Vila Auxiliadora 2 \u2013 Santa Rosa, disse na Delegacia de Pol\u00edcia que algu\u00e9m entrou em sua resid\u00eancia e furtou seu cart\u00e3o do banco e a senha. N\u00e3o tem ideia de quem possa ser o autor. A \u00fanica coisa que ela sabe \u00e9 que, ap\u00f3s o furto, um saque [&hellip;]<\/p>\n","protected":false},"author":2,"featured_media":104092,"comment_status":"open","ping_status":"open","sticky":false,"template":"","format":"standard","meta":{"footnotes":""},"categories":[16,43],"tags":[],"class_list":["post-104091","post","type-post","status-publish","format-standard","has-post-thumbnail","hentry","category-destaque","category-policia"],"_links":{"self":[{"href":"https:\/\/ativeagencia.com.br\/radiomais\/wp-json\/wp\/v2\/posts\/104091","targetHints":{"allow":["GET"]}}],"collection":[{"href":"https:\/\/ativeagencia.com.br\/radiomais\/wp-json\/wp\/v2\/posts"}],"about":[{"href":"https:\/\/ativeagencia.com.br\/radiomais\/wp-json\/wp\/v2\/types\/post"}],"author":[{"embeddable":true,"href":"https:\/\/ativeagencia.com.br\/radiomais\/wp-json\/wp\/v2\/users\/2"}],"replies":[{"embeddable":true,"href":"https:\/\/ativeagencia.com.br\/radiomais\/wp-json\/wp\/v2\/comments?post=104091"}],"version-history":[{"count":1,"href":"https:\/\/ativeagencia.com.br\/radiomais\/wp-json\/wp\/v2\/posts\/104091\/revisions"}],"predecessor-version":[{"id":104093,"href":"https:\/\/ativeagencia.com.br\/radiomais\/wp-json\/wp\/v2\/posts\/104091\/revisions\/104093"}],"wp:featuredmedia":[{"embeddable":true,"href":"https:\/\/ativeagencia.com.br\/radiomais\/wp-json\/wp\/v2\/media\/104092"}],"wp:attachment":[{"href":"https:\/\/ativeagencia.com.br\/radiomais\/wp-json\/wp\/v2\/media?parent=104091"}],"wp:term":[{"taxonomy":"category","embeddable":true,"href":"https:\/\/ativeagencia.com.br\/radiomais\/wp-json\/wp\/v2\/categories?post=104091"},{"taxonomy":"post_tag","embeddable":true,"href":"https:\/\/ativeagencia.com.br\/radiomais\/wp-json\/wp\/v2\/tags?post=104091"}],"curies":[{"name":"wp","href":"https:\/\/api.w.org\/{rel}","templated":true}]}}