{"id":104099,"date":"2024-09-05T16:36:38","date_gmt":"2024-09-05T19:36:38","guid":{"rendered":"https:\/\/ativeagencia.com.br\/radiomais\/?p=104099"},"modified":"2024-09-05T16:38:02","modified_gmt":"2024-09-05T19:38:02","slug":"coopermil-promove-concurso-de-fotografias","status":"publish","type":"post","link":"https:\/\/ativeagencia.com.br\/radiomais\/2024\/09\/05\/coopermil-promove-concurso-de-fotografias\/","title":{"rendered":"Coopermil promove Concurso de Fotografias"},"content":{"rendered":"<p>A Coopermil, que completa 70 anos de funda\u00e7\u00e3o em 2025, lan\u00e7ou a segunda edi\u00e7\u00e3o do seu Concurso de Fotografias \u201cMeu Olhar\u201d.<\/p>\n<p>A iniciativa dever\u00e1 envolver associados e colaboradores e as fotografias vencedoras far\u00e3o parte do calend\u00e1rio institucional.<\/p>\n<p>Haver\u00e1 premia\u00e7\u00e3o aos ganhadores. Ser\u00e3o selecionadas 12 fotografias.<\/p>\n<p>As inscri\u00e7\u00f5es v\u00e3o at\u00e9 14 de outubro. O regulamento completo do Concurso de fotografia &#8220;Coopermil 70 Anos &#8211; Meu Olhar&#8221; est\u00e1 \u00e0 disposi\u00e7\u00e3o no <a href=\"http:\/\/www.coopermil.com.br\">site da cooperativa<\/a>.<\/p>\n<p>Imagem: fotografia vencedora no concurso de 2023, de autoria da associada Luiza Vogt Kerber<\/p>\n","protected":false},"excerpt":{"rendered":"<p>A Coopermil, que completa 70 anos de funda\u00e7\u00e3o em 2025, lan\u00e7ou a segunda edi\u00e7\u00e3o do seu Concurso de Fotografias \u201cMeu Olhar\u201d. A iniciativa dever\u00e1 envolver associados e colaboradores e as fotografias vencedoras far\u00e3o parte do calend\u00e1rio institucional. Haver\u00e1 premia\u00e7\u00e3o aos ganhadores. Ser\u00e3o selecionadas 12 fotografias. As inscri\u00e7\u00f5es v\u00e3o at\u00e9 14 de outubro. O regulamento completo [&hellip;]<\/p>\n","protected":false},"author":2,"featured_media":104100,"comment_status":"open","ping_status":"open","sticky":false,"template":"","format":"standard","meta":{"footnotes":""},"categories":[16,13],"tags":[],"class_list":["post-104099","post","type-post","status-publish","format-standard","has-post-thumbnail","hentry","category-destaque","category-geral"],"_links":{"self":[{"href":"https:\/\/ativeagencia.com.br\/radiomais\/wp-json\/wp\/v2\/posts\/104099","targetHints":{"allow":["GET"]}}],"collection":[{"href":"https:\/\/ativeagencia.com.br\/radiomais\/wp-json\/wp\/v2\/posts"}],"about":[{"href":"https:\/\/ativeagencia.com.br\/radiomais\/wp-json\/wp\/v2\/types\/post"}],"author":[{"embeddable":true,"href":"https:\/\/ativeagencia.com.br\/radiomais\/wp-json\/wp\/v2\/users\/2"}],"replies":[{"embeddable":true,"href":"https:\/\/ativeagencia.com.br\/radiomais\/wp-json\/wp\/v2\/comments?post=104099"}],"version-history":[{"count":1,"href":"https:\/\/ativeagencia.com.br\/radiomais\/wp-json\/wp\/v2\/posts\/104099\/revisions"}],"predecessor-version":[{"id":104101,"href":"https:\/\/ativeagencia.com.br\/radiomais\/wp-json\/wp\/v2\/posts\/104099\/revisions\/104101"}],"wp:featuredmedia":[{"embeddable":true,"href":"https:\/\/ativeagencia.com.br\/radiomais\/wp-json\/wp\/v2\/media\/104100"}],"wp:attachment":[{"href":"https:\/\/ativeagencia.com.br\/radiomais\/wp-json\/wp\/v2\/media?parent=104099"}],"wp:term":[{"taxonomy":"category","embeddable":true,"href":"https:\/\/ativeagencia.com.br\/radiomais\/wp-json\/wp\/v2\/categories?post=104099"},{"taxonomy":"post_tag","embeddable":true,"href":"https:\/\/ativeagencia.com.br\/radiomais\/wp-json\/wp\/v2\/tags?post=104099"}],"curies":[{"name":"wp","href":"https:\/\/api.w.org\/{rel}","templated":true}]}}